{"id":287060,"date":"2023-08-27T20:29:43","date_gmt":"2023-08-27T17:29:43","guid":{"rendered":"http:\/\/sana.sy\/tr\/?p=287060"},"modified":"2023-08-30T08:07:55","modified_gmt":"2023-08-30T05:07:55","slug":"cumhurbaskani-esad-buyukelci-bessam-sabbagi-disisleri-ve-gurbetciler-bakan-yardimcisi-olarak-atayan-bir-kararname-cikardi","status":"publish","type":"post","link":"https:\/\/archive.sana.sy\/tr\/?p=287060","title":{"rendered":"Cumhurba\u015fkan\u0131 Esad, B\u00fcy\u00fckel\u00e7i Bessam Sabba\u011f&#8217;\u0131 D\u0131\u015fi\u015fleri Ve Gurbet\u00e7iler Bakan Yard\u0131mc\u0131s\u0131 Olarak Atayan Bir Kararname \u00c7\u0131kard\u0131"},"content":{"rendered":"<p style=\"text-align: justify;\"><strong><span style=\"color: #800000;\">\u015eAM<\/span> 27 A\u011fustos (SANA)<\/strong> &#8211; Bug\u00fcn Cumhurba\u015fkan\u0131 Be\u015f\u015far Esad, B\u00fcy\u00fckel\u00e7i Bessam Sabba\u011f&#8217;\u0131 D\u0131\u015fi\u015fleri ve Gurbet\u00e7iler Bakan Yard\u0131mc\u0131s\u0131 olarak atayan 2023 tarihli 223 No&#8217;lu Kararnameyi yay\u0131nlad\u0131.<\/p>\n<p style=\"text-align: justify;\"><strong>Kararnamenin Metni A\u015fa\u011f\u0131dad\u0131r:<\/strong><\/p>\n<p style=\"text-align: center;\"><span style=\"color: #800000;\"><strong>223 Say\u0131l\u0131 Kararname<\/strong><\/span><\/p>\n<p style=\"text-align: justify;\"><strong>\u00a0<\/strong><\/p>\n<p style=\"text-align: justify;\">Cumhurba\u015fkan\u0131,<\/p>\n<p style=\"text-align: justify;\">2004 tarih ve \/50\/ say\u0131l\u0131 Devlet \u0130\u015f\u00e7ileri Temel Kanunu ve de\u011fi\u015fiklikleri h\u00fck\u00fcmleri ve D\u0131\u015fi\u015fleri ve Gurbet\u00e7iler Bakanl\u0131\u011f\u0131n\u0131n \u00e7al\u0131\u015fmalar\u0131n\u0131 d\u00fczenleyen 2016 tarih ve\/20\/ say\u0131l\u0131 Kanun H\u00fckm\u00fcnde Kararname h\u00fck\u00fcmleri ve de\u011fi\u015fikliklerine binaen a\u015fa\u011f\u0131da yaz\u0131l\u0131 husularda kararname \u00e7\u0131kard\u0131:<\/p>\n<p style=\"text-align: justify;\"><span style=\"color: #3366ff;\"><strong>Madde 1<\/strong> &#8211;<\/span> Suriye Arap Cumhuriyeti&#8217;nin New York&#8217;taki Birle\u015fmi\u015f Milletler Daimi Temsilcisi Say\u0131n B\u00fcy\u00fckel\u00e7i Bessam Sabbagh, New York&#8217;taki Daimi Heyet&#8217;ten D\u0131\u015fi\u015fleri ve Gurbe\u00e7iler Bakanl\u0131\u011f\u0131 Merkezi \u0130daresi&#8217;ne aktar\u0131lmas\u0131.<\/p>\n<p style=\"text-align: justify;\"><span style=\"color: #3366ff;\"><strong>Madde 2<\/strong> &#8211;<\/span> B\u00fcy\u00fckel\u00e7i Bessam Sabbagh, D\u0131\u015fi\u015fleri ve G\u00f6\u00e7menler Bakan Yard\u0131mc\u0131s\u0131 olarak atanmas\u0131.<\/p>\n<p style=\"text-align: justify;\"><span style=\"color: #3366ff;\"><strong>Madde 3 &#8211;<\/strong><\/span> Yol m\u00fchletini de i\u00e7eren ula\u015f\u0131m, bu karar\u0131n yay\u0131m\u0131 tarihinden itibaren iki ay i\u00e7inde ger\u00e7ekle\u015ftirilmesi.<\/p>\n<p style=\"text-align: justify;\"><span style=\"color: #3366ff;\"><strong>Madde 4-<\/strong><\/span> Bu kararname yay\u0131mlanmas\u0131 ve uygulamas\u0131 gereken mercilere\u00a0 bildirilmesi.<\/p>\n<p style=\"text-align: justify;\"><strong>\u015eam 11-02-1445 H.\u00a0 27-08-2023 M. <\/strong><\/p>\n<p style=\"text-align: center;\"><strong>Cumhurba\u015fkan\u0131<\/strong><\/p>\n<p style=\"text-align: center;\"><strong>Be\u015f\u015far Esad<\/strong><\/p>\n","protected":false},"excerpt":{"rendered":"<p>\u015eAM 27 A\u011fustos (SANA) &#8211; Bug\u00fcn Cumhurba\u015fkan\u0131 Be\u015f\u015far Esad, B\u00fcy\u00fckel\u00e7i Bessam Sabba\u011f&#8217;\u0131 D\u0131\u015fi\u015fleri ve Gurbet\u00e7iler Bakan Yard\u0131mc\u0131s\u0131 olarak atayan 2023 tarihli 223 No&#8217;lu Kararnameyi yay\u0131nlad\u0131. Kararnamenin Metni A\u015fa\u011f\u0131dad\u0131r: 223 Say\u0131l\u0131 Kararname \u00a0 Cumhurba\u015fkan\u0131, 2004 tarih ve \/50\/ say\u0131l\u0131 Devlet \u0130\u015f\u00e7ileri Temel Kanunu ve de\u011fi\u015fiklikleri h\u00fck\u00fcmleri ve D\u0131\u015fi\u015fleri ve Gurbet\u00e7iler Bakanl\u0131\u011f\u0131n\u0131n \u00e7al\u0131\u015fmalar\u0131n\u0131 d\u00fczenleyen 2016 tarih ve\/20\/ &hellip;<\/p>\n","protected":false},"author":41,"featured_media":287064,"comment_status":"closed","ping_status":"closed","sticky":false,"template":"","format":"standard","meta":{"footnotes":""},"categories":[605,17988,612,599],"tags":[],"class_list":["post-287060","post","type-post","status-publish","format-standard","has-post-thumbnail","","category-sayin-cumhurbaskani","category-son-haberler","category-yasama-kararnameler","category-yasama-ve-kanunlar"],"_links":{"self":[{"href":"https:\/\/archive.sana.sy\/tr\/index.php?rest_route=\/wp\/v2\/posts\/287060","targetHints":{"allow":["GET"]}}],"collection":[{"href":"https:\/\/archive.sana.sy\/tr\/index.php?rest_route=\/wp\/v2\/posts"}],"about":[{"href":"https:\/\/archive.sana.sy\/tr\/index.php?rest_route=\/wp\/v2\/types\/post"}],"author":[{"embeddable":true,"href":"https:\/\/archive.sana.sy\/tr\/index.php?rest_route=\/wp\/v2\/users\/41"}],"replies":[{"embeddable":true,"href":"https:\/\/archive.sana.sy\/tr\/index.php?rest_route=%2Fwp%2Fv2%2Fcomments&post=287060"}],"version-history":[{"count":4,"href":"https:\/\/archive.sana.sy\/tr\/index.php?rest_route=\/wp\/v2\/posts\/287060\/revisions"}],"predecessor-version":[{"id":287066,"href":"https:\/\/archive.sana.sy\/tr\/index.php?rest_route=\/wp\/v2\/posts\/287060\/revisions\/287066"}],"wp:featuredmedia":[{"embeddable":true,"href":"https:\/\/archive.sana.sy\/tr\/index.php?rest_route=\/wp\/v2\/media\/287064"}],"wp:attachment":[{"href":"https:\/\/archive.sana.sy\/tr\/index.php?rest_route=%2Fwp%2Fv2%2Fmedia&parent=287060"}],"wp:term":[{"taxonomy":"category","embeddable":true,"href":"https:\/\/archive.sana.sy\/tr\/index.php?rest_route=%2Fwp%2Fv2%2Fcategories&post=287060"},{"taxonomy":"post_tag","embeddable":true,"href":"https:\/\/archive.sana.sy\/tr\/index.php?rest_route=%2Fwp%2Fv2%2Ftags&post=287060"}],"curies":[{"name":"wp","href":"https:\/\/api.w.org\/{rel}","templated":true}]}}