{"id":287073,"date":"2023-08-28T09:04:46","date_gmt":"2023-08-28T06:04:46","guid":{"rendered":"https:\/\/sana.sy\/tr\/?p=287073"},"modified":"2023-08-29T10:03:03","modified_gmt":"2023-08-29T07:03:03","slug":"halep-uluslararasi-havalimani-israil-saldirisi-nedeniyle-hizmet-disi-kaldi","status":"publish","type":"post","link":"https:\/\/archive.sana.sy\/tr\/?p=287073","title":{"rendered":"Halep Uluslararas\u0131 Havaliman\u0131 D\u00fc\u015fman \u0130srail Sald\u0131rganl\u0131\u011f\u0131 Nedeniyle Hizmet D\u0131\u015f\u0131 Kald\u0131"},"content":{"rendered":"<p style=\"text-align: justify;\"><strong>HALEP 28 A\u011fustos (SANA)- <\/strong>Halep Uluslararas\u0131 Havaliman\u0131, d\u00fc\u015fman \u0130srail&#8217;in bug\u00fcn \u015fafak vakti havaliman\u0131na y\u00f6nelik sald\u0131r\u0131s\u0131 sonucu hizmet d\u0131\u015f\u0131 kald\u0131.<\/p>\n<p style=\"text-align: justify;\">Askeri kaynak SANA\u2019ya yapt\u0131\u011f\u0131 a\u00e7\u0131klamada, &#8220;Bug\u00fcn saat 04.30 s\u0131ralar\u0131nda d\u00fc\u015fman \u0130srail, Lazkiye&#8217;nin bat\u0131s\u0131nda Akdeniz y\u00f6n\u00fcnden Halep Uluslararas\u0131 Havaliman\u0131&#8217;n\u0131 hedef alan bir hava sald\u0131rganl\u0131\u011f\u0131 d\u00fczenledi&#8221; dedi.<\/p>\n<p style=\"text-align: justify;\">Kaynak ayr\u0131ca,\u00a0 sald\u0131rganl\u0131k , havaliman\u0131nda maddi hasara yol a\u00e7t\u0131 ve hizmet d\u0131\u015f\u0131 kald\u0131\u011f\u0131n\u0131 belirtti.<\/p>\n<p style=\"text-align: justify;\"><a href=\"https:\/\/t.me\/SuriyeArapHaberAjansI\">Telegram Kanal\u0131m\u0131z\u00a0<\/a><\/p>\n<p style=\"text-align: justify;\"><a href=\"https:\/\/www.facebook.com\/SANAHaberAjansi\/\">Facebook Sayfam\u0131z<\/a><\/p>\n<p style=\"text-align: justify;\"><a href=\"https:\/\/twitter.com\/arap_ajans\">Twitter Hesab\u0131m\u0131z<\/a><\/p>\n","protected":false},"excerpt":{"rendered":"<p>HALEP 28 A\u011fustos (SANA)- Halep Uluslararas\u0131 Havaliman\u0131, d\u00fc\u015fman \u0130srail&#8217;in bug\u00fcn \u015fafak vakti havaliman\u0131na y\u00f6nelik sald\u0131r\u0131s\u0131 sonucu hizmet d\u0131\u015f\u0131 kald\u0131. Askeri kaynak SANA\u2019ya yapt\u0131\u011f\u0131 a\u00e7\u0131klamada, &#8220;Bug\u00fcn saat 04.30 s\u0131ralar\u0131nda d\u00fc\u015fman \u0130srail, Lazkiye&#8217;nin bat\u0131s\u0131nda Akdeniz y\u00f6n\u00fcnden Halep Uluslararas\u0131 Havaliman\u0131&#8217;n\u0131 hedef alan bir hava sald\u0131rganl\u0131\u011f\u0131 d\u00fczenledi&#8221; dedi. Kaynak ayr\u0131ca,\u00a0 sald\u0131rganl\u0131k , havaliman\u0131nda maddi hasara yol a\u00e7t\u0131 ve hizmet &hellip;<\/p>\n","protected":false},"author":39,"featured_media":287074,"comment_status":"closed","ping_status":"closed","sticky":false,"template":"","format":"standard","meta":{"footnotes":""},"categories":[479,575,17988,478],"tags":[39480,39479,19043,38641,22182],"class_list":["post-287073","post","type-post","status-publish","format-standard","has-post-thumbnail","","category-haberler-yerel","category-olaylar-ve-gercekler","category-son-haberler","category-yerel","tag-halep-uluslararasi-havalimani","tag-halep-uluslararasi-havalimani-dusman-israil-saldirganligi-nedeniyle-hizmet-disi-kaldi","tag-suriyede-son-durum","tag-suriyede-son-gelimeler","tag-suriyede-savas"],"_links":{"self":[{"href":"https:\/\/archive.sana.sy\/tr\/index.php?rest_route=\/wp\/v2\/posts\/287073","targetHints":{"allow":["GET"]}}],"collection":[{"href":"https:\/\/archive.sana.sy\/tr\/index.php?rest_route=\/wp\/v2\/posts"}],"about":[{"href":"https:\/\/archive.sana.sy\/tr\/index.php?rest_route=\/wp\/v2\/types\/post"}],"author":[{"embeddable":true,"href":"https:\/\/archive.sana.sy\/tr\/index.php?rest_route=\/wp\/v2\/users\/39"}],"replies":[{"embeddable":true,"href":"https:\/\/archive.sana.sy\/tr\/index.php?rest_route=%2Fwp%2Fv2%2Fcomments&post=287073"}],"version-history":[{"count":7,"href":"https:\/\/archive.sana.sy\/tr\/index.php?rest_route=\/wp\/v2\/posts\/287073\/revisions"}],"predecessor-version":[{"id":287087,"href":"https:\/\/archive.sana.sy\/tr\/index.php?rest_route=\/wp\/v2\/posts\/287073\/revisions\/287087"}],"wp:featuredmedia":[{"embeddable":true,"href":"https:\/\/archive.sana.sy\/tr\/index.php?rest_route=\/wp\/v2\/media\/287074"}],"wp:attachment":[{"href":"https:\/\/archive.sana.sy\/tr\/index.php?rest_route=%2Fwp%2Fv2%2Fmedia&parent=287073"}],"wp:term":[{"taxonomy":"category","embeddable":true,"href":"https:\/\/archive.sana.sy\/tr\/index.php?rest_route=%2Fwp%2Fv2%2Fcategories&post=287073"},{"taxonomy":"post_tag","embeddable":true,"href":"https:\/\/archive.sana.sy\/tr\/index.php?rest_route=%2Fwp%2Fv2%2Ftags&post=287073"}],"curies":[{"name":"wp","href":"https:\/\/api.w.org\/{rel}","templated":true}]}}