{"id":287079,"date":"2023-08-28T09:27:13","date_gmt":"2023-08-28T06:27:13","guid":{"rendered":"https:\/\/sana.sy\/tr\/?p=287079"},"modified":"2023-08-30T08:08:14","modified_gmt":"2023-08-30T05:08:14","slug":"uluslararasi-halep-havalimanina-inecek-ucaklar-sam-ve-lazkiye-havalimanlarina-yonlendirildi-2","status":"publish","type":"post","link":"https:\/\/archive.sana.sy\/tr\/?p=287079","title":{"rendered":"Uluslararas\u0131 Halep Havaliman\u0131\u2019na \u0130necek U\u00e7aklar \u015eam Ve Lazkiye Havalimanlar\u0131na y\u00f6nlendirildi"},"content":{"rendered":"<p style=\"text-align: justify;\"><strong>\u015eAM 28 A\u011fustos (SANA) \u2013<\/strong> Ula\u015ft\u0131rma Bakanl\u0131\u011f\u0131, d\u00fc\u015fman \u0130srail&#8217;in havaliman\u0131n\u0131 hedef alarak hizmet d\u0131\u015f\u0131 b\u0131rakmas\u0131na neden olan sald\u0131rganl\u0131\u011f\u0131 nedeniyle bug\u00fcn, Halep Uluslararas\u0131 Havaliman\u0131\u2019ndaki (gidi\u015f-d\u00f6n\u00fc\u015f) programlanm\u0131\u015f seferlerin \u015eam ve Lazkiye havalimanlar\u0131na y\u00f6nlendirilece\u011fini ilan etti.<\/p>\n<p><a href=\"https:\/\/t.me\/SuriyeArapHaberAjansI\">Telegram Kanal\u0131m\u0131z\u00a0<\/a><\/p>\n<p><a href=\"https:\/\/www.facebook.com\/SANAHaberAjansi\/\">Facebook Sayfam\u0131z<\/a><\/p>\n<p><a href=\"https:\/\/twitter.com\/arap_ajans\">Twitter Hesab\u0131m\u0131z<\/a><\/p>\n","protected":false},"excerpt":{"rendered":"<p>\u015eAM 28 A\u011fustos (SANA) \u2013 Ula\u015ft\u0131rma Bakanl\u0131\u011f\u0131, d\u00fc\u015fman \u0130srail&#8217;in havaliman\u0131n\u0131 hedef alarak hizmet d\u0131\u015f\u0131 b\u0131rakmas\u0131na neden olan sald\u0131rganl\u0131\u011f\u0131 nedeniyle bug\u00fcn, Halep Uluslararas\u0131 Havaliman\u0131\u2019ndaki (gidi\u015f-d\u00f6n\u00fc\u015f) programlanm\u0131\u015f seferlerin \u015eam ve Lazkiye havalimanlar\u0131na y\u00f6nlendirilece\u011fini ilan etti. Telegram Kanal\u0131m\u0131z\u00a0 Facebook Sayfam\u0131z Twitter Hesab\u0131m\u0131z<\/p>\n","protected":false},"author":39,"featured_media":287080,"comment_status":"closed","ping_status":"closed","sticky":false,"template":"","format":"standard","meta":{"footnotes":""},"categories":[479,17988,478],"tags":[38559,19174,22182,39483],"class_list":["post-287079","post","type-post","status-publish","format-standard","has-post-thumbnail","","category-haberler-yerel","category-son-haberler","category-yerel","tag-halep-sehri","tag-suriyede-son-durumlar","tag-suriyede-savas","tag-uluslararasi-halep-havalimanina-inecek-ucaklar-sam-ve-lazkiye-havalimanlarina-yonlendirildi"],"_links":{"self":[{"href":"https:\/\/archive.sana.sy\/tr\/index.php?rest_route=\/wp\/v2\/posts\/287079","targetHints":{"allow":["GET"]}}],"collection":[{"href":"https:\/\/archive.sana.sy\/tr\/index.php?rest_route=\/wp\/v2\/posts"}],"about":[{"href":"https:\/\/archive.sana.sy\/tr\/index.php?rest_route=\/wp\/v2\/types\/post"}],"author":[{"embeddable":true,"href":"https:\/\/archive.sana.sy\/tr\/index.php?rest_route=\/wp\/v2\/users\/39"}],"replies":[{"embeddable":true,"href":"https:\/\/archive.sana.sy\/tr\/index.php?rest_route=%2Fwp%2Fv2%2Fcomments&post=287079"}],"version-history":[{"count":1,"href":"https:\/\/archive.sana.sy\/tr\/index.php?rest_route=\/wp\/v2\/posts\/287079\/revisions"}],"predecessor-version":[{"id":287081,"href":"https:\/\/archive.sana.sy\/tr\/index.php?rest_route=\/wp\/v2\/posts\/287079\/revisions\/287081"}],"wp:featuredmedia":[{"embeddable":true,"href":"https:\/\/archive.sana.sy\/tr\/index.php?rest_route=\/wp\/v2\/media\/287080"}],"wp:attachment":[{"href":"https:\/\/archive.sana.sy\/tr\/index.php?rest_route=%2Fwp%2Fv2%2Fmedia&parent=287079"}],"wp:term":[{"taxonomy":"category","embeddable":true,"href":"https:\/\/archive.sana.sy\/tr\/index.php?rest_route=%2Fwp%2Fv2%2Fcategories&post=287079"},{"taxonomy":"post_tag","embeddable":true,"href":"https:\/\/archive.sana.sy\/tr\/index.php?rest_route=%2Fwp%2Fv2%2Ftags&post=287079"}],"curies":[{"name":"wp","href":"https:\/\/api.w.org\/{rel}","templated":true}]}}