{"id":287082,"date":"2023-08-28T12:55:02","date_gmt":"2023-08-28T09:55:02","guid":{"rendered":"https:\/\/sana.sy\/tr\/?p=287082"},"modified":"2023-08-30T08:08:28","modified_gmt":"2023-08-30T05:08:28","slug":"deyrezzor-kirsalinda-milisleri-arasinda-cikan-catismada-olu-ve-yaralilar-var","status":"publish","type":"post","link":"https:\/\/archive.sana.sy\/tr\/?p=287082","title":{"rendered":"Deyrezzor K\u0131rsal\u0131nda, Milisleri Aras\u0131nda \u00c7\u0131kan \u00c7at\u0131\u015fmada \u00d6l\u00fc Ve Yaral\u0131lar Var"},"content":{"rendered":"<p style=\"text-align: justify;\"><strong>DEYREZZOR 28 A\u011fustos (SANA)<\/strong> \u2013\u00a0Amerikan i\u015fgalinin destekledi\u011fi \u201cDSG\u201d milislerinin kontrol\u00fcndeki Deyrezzor k\u0131rsal\u0131ndaki \u015fehir ve kasabalarda,\u00a0 milis gruplar ile milislere ba\u011fl\u0131 s\u00f6zde &#8220;Deyrezzor Askeri Konseyi&#8217;nin&#8221; militanlar\u0131 aras\u0131nda ya\u015fanan i\u00e7 \u00e7arp\u0131\u015fmalar sonucunda \u015fiddetli ve s\u00fcrekli \u00e7at\u0131\u015fmalara tan\u0131k oluyor.<\/p>\n<p style=\"text-align: justify;\">Bu i\u00e7 \u00e7at\u0131\u015fma, Haseke&#8217;deki Amerikan i\u015fgalinin \u00fcslerinden birine \u00e7ekildikten sonra, konseyin s\u00f6zde lideri Ahmed El Habil Ebu Havla ile baz\u0131 konsey liderlerinin &#8220;SDG&#8221; milisleri ve Amerikan i\u015fgali militanlar\u0131 taraf\u0131ndan tutuklanmas\u0131n\u0131n arka plan\u0131nda ortaya \u00e7\u0131kt\u0131.<\/p>\n<p style=\"text-align: justify;\">Yerel kaynaklar SANA muhabirine, &#8220;DSG&#8221; milislerinin militanlar\u0131 ile &#8220;Askeri Konsey&#8221; militanlar\u0131 aras\u0131nda El Busayreh, El Sur, El \u0130zba, El Ma&#8217;amil b\u00f6lgesi, Husan, Muheymidiyh, El Kibr, Cedid Akidat, El Huseyin, Daman, Granic, Ebu Hamam, El Rubaydah ve \u0130briyyeh \u00a0b\u00f6lgelerinde \u015fiddetli \u00e7at\u0131\u015fmalara tan\u0131k oldu\u011funu, bunun her iki tarafta da \u00f6l\u00fcm ve yaralanmalara yol a\u00e7t\u0131\u011f\u0131n\u0131 belirtti.<\/p>\n<p style=\"text-align: justify;\">\u00c7at\u0131\u015fmalar, \u015fehrin k\u0131rsal\u0131n\u0131 saran gerginlik ve g\u00fcvenlik kaosunun ortas\u0131nda ana yol ve sokaklar\u0131n kapat\u0131lmas\u0131yla ayn\u0131 zamana denk geldi.<\/p>\n<p style=\"text-align: justify;\"><a href=\"https:\/\/t.me\/SuriyeArapHaberAjansI\">Telegram Kanal\u0131m\u0131z\u00a0<\/a><\/p>\n<p style=\"text-align: justify;\"><a href=\"https:\/\/www.facebook.com\/SANAHaberAjansi\/\">Facebook Sayfam\u0131z<\/a><\/p>\n<p style=\"text-align: justify;\"><a href=\"https:\/\/twitter.com\/arap_ajans\">Twitter Hesab\u0131m\u0131z<\/a><\/p>\n","protected":false},"excerpt":{"rendered":"<p>DEYREZZOR 28 A\u011fustos (SANA) \u2013\u00a0Amerikan i\u015fgalinin destekledi\u011fi \u201cDSG\u201d milislerinin kontrol\u00fcndeki Deyrezzor k\u0131rsal\u0131ndaki \u015fehir ve kasabalarda,\u00a0 milis gruplar ile milislere ba\u011fl\u0131 s\u00f6zde &#8220;Deyrezzor Askeri Konseyi&#8217;nin&#8221; militanlar\u0131 aras\u0131nda ya\u015fanan i\u00e7 \u00e7arp\u0131\u015fmalar sonucunda \u015fiddetli ve s\u00fcrekli \u00e7at\u0131\u015fmalara tan\u0131k oluyor. Bu i\u00e7 \u00e7at\u0131\u015fma, Haseke&#8217;deki Amerikan i\u015fgalinin \u00fcslerinden birine \u00e7ekildikten sonra, konseyin s\u00f6zde lideri Ahmed El Habil Ebu Havla ile &hellip;<\/p>\n","protected":false},"author":39,"featured_media":287083,"comment_status":"closed","ping_status":"closed","sticky":false,"template":"","format":"standard","meta":{"footnotes":""},"categories":[479,575,17988,478],"tags":[39482,31563,39481,38503,38504],"class_list":["post-287082","post","type-post","status-publish","format-standard","has-post-thumbnail","","category-haberler-yerel","category-olaylar-ve-gercekler","category-son-haberler","category-yerel","tag-deyrezzor-askeri-konseyi","tag-deyrezzor-kirsalinda","tag-milisleri-arasinda-cikan-catismada-olu-ve-yaralilar-var","tag-sdg-milisleri","tag-suriyede-konuslu-teror-orgutleri"],"_links":{"self":[{"href":"https:\/\/archive.sana.sy\/tr\/index.php?rest_route=\/wp\/v2\/posts\/287082","targetHints":{"allow":["GET"]}}],"collection":[{"href":"https:\/\/archive.sana.sy\/tr\/index.php?rest_route=\/wp\/v2\/posts"}],"about":[{"href":"https:\/\/archive.sana.sy\/tr\/index.php?rest_route=\/wp\/v2\/types\/post"}],"author":[{"embeddable":true,"href":"https:\/\/archive.sana.sy\/tr\/index.php?rest_route=\/wp\/v2\/users\/39"}],"replies":[{"embeddable":true,"href":"https:\/\/archive.sana.sy\/tr\/index.php?rest_route=%2Fwp%2Fv2%2Fcomments&post=287082"}],"version-history":[{"count":1,"href":"https:\/\/archive.sana.sy\/tr\/index.php?rest_route=\/wp\/v2\/posts\/287082\/revisions"}],"predecessor-version":[{"id":287084,"href":"https:\/\/archive.sana.sy\/tr\/index.php?rest_route=\/wp\/v2\/posts\/287082\/revisions\/287084"}],"wp:featuredmedia":[{"embeddable":true,"href":"https:\/\/archive.sana.sy\/tr\/index.php?rest_route=\/wp\/v2\/media\/287083"}],"wp:attachment":[{"href":"https:\/\/archive.sana.sy\/tr\/index.php?rest_route=%2Fwp%2Fv2%2Fmedia&parent=287082"}],"wp:term":[{"taxonomy":"category","embeddable":true,"href":"https:\/\/archive.sana.sy\/tr\/index.php?rest_route=%2Fwp%2Fv2%2Fcategories&post=287082"},{"taxonomy":"post_tag","embeddable":true,"href":"https:\/\/archive.sana.sy\/tr\/index.php?rest_route=%2Fwp%2Fv2%2Ftags&post=287082"}],"curies":[{"name":"wp","href":"https:\/\/api.w.org\/{rel}","templated":true}]}}