{"id":287088,"date":"2023-08-28T08:05:03","date_gmt":"2023-08-28T05:05:03","guid":{"rendered":"https:\/\/sana.sy\/tr\/?p=287088"},"modified":"2023-08-30T08:08:10","modified_gmt":"2023-08-30T05:08:10","slug":"kanaani-vasington-yasadisi-guclerini-suriyeden-cekmeli","status":"publish","type":"post","link":"https:\/\/archive.sana.sy\/tr\/?p=287088","title":{"rendered":"Kanaani: Va\u015fington Yasad\u0131\u015f\u0131 G\u00fc\u00e7lerini Suriye&#8217;den \u00c7ekmeli"},"content":{"rendered":"<p><strong>TAHRAN 28 A\u011fustos (SANA)<\/strong> &#8211; \u0130ran D\u0131\u015fi\u015fleri Bakanl\u0131\u011f\u0131 S\u00f6zc\u00fcs\u00fc Nas\u0131r Kanaani, yasa d\u0131\u015f\u0131 Amerikan g\u00fc\u00e7lerinin Suriye&#8217;den bir an \u00f6nce \u00e7ekilmesinin gereklili\u011fini yineleyerek, bu g\u00fc\u00e7lerin varl\u0131\u011f\u0131n\u0131n bar\u0131\u015fa, g\u00fcvenli\u011fe ve uluslararas\u0131 hukuka ayk\u0131r\u0131 oldu\u011funu vurgulad\u0131.<\/p>\n<p>Kanaani bug\u00fcn haftal\u0131k bas\u0131n toplant\u0131s\u0131nda, \u2018\u2019ABD g\u00fc\u00e7lerinin Suriye topraklar\u0131ndaki varl\u0131\u011f\u0131 yasa d\u0131\u015f\u0131 olup, Suriye ve b\u00f6lgede istikrars\u0131zl\u0131\u011fa ve g\u00fcvensizli\u011fe neden olmakta olup, uluslararas\u0131 yasalara ve Suriye h\u00fck\u00fcmetinin talebine istinaden bu g\u00fc\u00e7lerin bir an \u00f6nce b\u00f6lgeyi terk etmeleri gerekmektedir\u2019\u2019 dedi.<\/p>\n<p>Kanaani ayr\u0131ca, \u00a0Suriye&#8217;deki krizin d\u0131\u015f m\u00fcdahale ve ter\u00f6r \u00f6rg\u00fctlerine verilen deste\u011fin sonucu oldu\u011funa dikkat \u00e7ekerek, ABD&#8217;nin sert ve adaletsiz yapt\u0131r\u0131mlar\u0131n\u0131n devam etmesinin Suriye halk\u0131n\u0131n ac\u0131 \u00e7ekmesine neden oldu\u011funu vurgulad\u0131.<\/p>\n<p><a href=\"https:\/\/t.me\/SuriyeArapHaberAjansI\">Telegram Kanal\u0131m\u0131z\u00a0<\/a><\/p>\n<p><a href=\"https:\/\/www.facebook.com\/SANAHaberAjansi\/\">Facebook Sayfam\u0131z<\/a><\/p>\n<p><a href=\"https:\/\/twitter.com\/arap_ajans\">Twitter Hesab\u0131m\u0131z<\/a><\/p>\n","protected":false},"excerpt":{"rendered":"<p>TAHRAN 28 A\u011fustos (SANA) &#8211; \u0130ran D\u0131\u015fi\u015fleri Bakanl\u0131\u011f\u0131 S\u00f6zc\u00fcs\u00fc Nas\u0131r Kanaani, yasa d\u0131\u015f\u0131 Amerikan g\u00fc\u00e7lerinin Suriye&#8217;den bir an \u00f6nce \u00e7ekilmesinin gereklili\u011fini yineleyerek, bu g\u00fc\u00e7lerin varl\u0131\u011f\u0131n\u0131n bar\u0131\u015fa, g\u00fcvenli\u011fe ve uluslararas\u0131 hukuka ayk\u0131r\u0131 oldu\u011funu vurgulad\u0131. Kanaani bug\u00fcn haftal\u0131k bas\u0131n toplant\u0131s\u0131nda, \u2018\u2019ABD g\u00fc\u00e7lerinin Suriye topraklar\u0131ndaki varl\u0131\u011f\u0131 yasa d\u0131\u015f\u0131 olup, Suriye ve b\u00f6lgede istikrars\u0131zl\u0131\u011fa ve g\u00fcvensizli\u011fe neden olmakta olup, &hellip;<\/p>\n","protected":false},"author":41,"featured_media":287089,"comment_status":"closed","ping_status":"closed","sticky":false,"template":"","format":"standard","meta":{"footnotes":""},"categories":[458,459,17988],"tags":[38837,39484],"class_list":["post-287088","post","type-post","status-publish","format-standard","has-post-thumbnail","","category-dunya1","category-haberler-arap-uluslararasi-politika","category-son-haberler","tag-abdnin-suriyede-varligi","tag-kanaani-vasington-yasadisi-guclerini-suriyeden-cekmeli"],"_links":{"self":[{"href":"https:\/\/archive.sana.sy\/tr\/index.php?rest_route=\/wp\/v2\/posts\/287088","targetHints":{"allow":["GET"]}}],"collection":[{"href":"https:\/\/archive.sana.sy\/tr\/index.php?rest_route=\/wp\/v2\/posts"}],"about":[{"href":"https:\/\/archive.sana.sy\/tr\/index.php?rest_route=\/wp\/v2\/types\/post"}],"author":[{"embeddable":true,"href":"https:\/\/archive.sana.sy\/tr\/index.php?rest_route=\/wp\/v2\/users\/41"}],"replies":[{"embeddable":true,"href":"https:\/\/archive.sana.sy\/tr\/index.php?rest_route=%2Fwp%2Fv2%2Fcomments&post=287088"}],"version-history":[{"count":1,"href":"https:\/\/archive.sana.sy\/tr\/index.php?rest_route=\/wp\/v2\/posts\/287088\/revisions"}],"predecessor-version":[{"id":287090,"href":"https:\/\/archive.sana.sy\/tr\/index.php?rest_route=\/wp\/v2\/posts\/287088\/revisions\/287090"}],"wp:featuredmedia":[{"embeddable":true,"href":"https:\/\/archive.sana.sy\/tr\/index.php?rest_route=\/wp\/v2\/media\/287089"}],"wp:attachment":[{"href":"https:\/\/archive.sana.sy\/tr\/index.php?rest_route=%2Fwp%2Fv2%2Fmedia&parent=287088"}],"wp:term":[{"taxonomy":"category","embeddable":true,"href":"https:\/\/archive.sana.sy\/tr\/index.php?rest_route=%2Fwp%2Fv2%2Fcategories&post=287088"},{"taxonomy":"post_tag","embeddable":true,"href":"https:\/\/archive.sana.sy\/tr\/index.php?rest_route=%2Fwp%2Fv2%2Ftags&post=287088"}],"curies":[{"name":"wp","href":"https:\/\/api.w.org\/{rel}","templated":true}]}}