{"id":287091,"date":"2023-08-28T10:11:27","date_gmt":"2023-08-28T07:11:27","guid":{"rendered":"https:\/\/sana.sy\/tr\/?p=287091"},"modified":"2023-08-30T08:08:19","modified_gmt":"2023-08-30T05:08:19","slug":"uluslararasi-cicek-gosterisi-yakinda-samdaki-tisrin-parkinda-baslayacak","status":"publish","type":"post","link":"https:\/\/archive.sana.sy\/tr\/?p=287091","title":{"rendered":"Uluslararas\u0131 \u00c7i\u00e7ek G\u00f6sterisi Yak\u0131nda \u015eam&#8217;daki Ti\u015frin Park\u0131\u2019nda \u00a0Ba\u015flayacak"},"content":{"rendered":"<p style=\"text-align: justify;\"><strong>\u015eAM 28 A\u011fustos (SANA)<\/strong> &#8211; Turizm Bakanl\u0131\u011f\u0131 ve \u015eam Valili\u011fi i\u015fbirli\u011finde d\u00fczenlenen 43. Uluslararas\u0131 \u00c7i\u00e7ek Fuar\u0131&#8217;n\u0131n faaliyetleri \u00f6n\u00fcm\u00fczdeki \u00e7ar\u015famba g\u00fcn\u00fc \u015eam&#8217;daki Ti\u015frin Park\u0131&#8217;nda \u00e7e\u015fitli sanatsal, rekreasyonel ve k\u00fclt\u00fcrel etkinliklerin yer ald\u0131\u011f\u0131 etkinliklerle ba\u015flayacak.<\/p>\n<p style=\"text-align: justify;\">Fuara yerli kat\u0131l\u0131m\u0131n yan\u0131 s\u0131ra (Irak, L\u00fcbnan, M\u0131s\u0131r, Cezayir, Hollanda, \u00c7in, Bulgaristan) bir\u00e7ok \u00fclkeden 15 yabanc\u0131 kat\u0131l\u0131mc\u0131n\u0131n da aralar\u0131nda bulundu\u011fu 140&#8217;\u0131n \u00fczerinde firma kat\u0131l\u0131yor.<\/p>\n<p style=\"text-align: justify;\">Sergiye \u00e7e\u015fitli k\u00fclt\u00fcrel, sanatsal ve e\u011flence etkinlikleri de e\u015flik edecek, bunlar\u0131n bir k\u0131sm\u0131 a\u00e7\u0131k havada ger\u00e7ekle\u015ftirilecek ve \u00f6n\u00fcm\u00fczdeki Eyl\u00fcl ay\u0131n\u0131n dokuzuna kadar devam edecek.<\/p>\n<p style=\"text-align: justify;\"><a href=\"https:\/\/t.me\/SuriyeArapHaberAjansI\">Telegram Kanal\u0131m\u0131z\u00a0<\/a><\/p>\n<p style=\"text-align: justify;\"><a href=\"https:\/\/www.facebook.com\/SANAHaberAjansi\/\">Facebook Sayfam\u0131z<\/a><\/p>\n<p style=\"text-align: justify;\"><a href=\"https:\/\/twitter.com\/arap_ajans\">Twitter Hesab\u0131m\u0131z<\/a><\/p>\n","protected":false},"excerpt":{"rendered":"<p>\u015eAM 28 A\u011fustos (SANA) &#8211; Turizm Bakanl\u0131\u011f\u0131 ve \u015eam Valili\u011fi i\u015fbirli\u011finde d\u00fczenlenen 43. Uluslararas\u0131 \u00c7i\u00e7ek Fuar\u0131&#8217;n\u0131n faaliyetleri \u00f6n\u00fcm\u00fczdeki \u00e7ar\u015famba g\u00fcn\u00fc \u015eam&#8217;daki Ti\u015frin Park\u0131&#8217;nda \u00e7e\u015fitli sanatsal, rekreasyonel ve k\u00fclt\u00fcrel etkinliklerin yer ald\u0131\u011f\u0131 etkinliklerle ba\u015flayacak. Fuara yerli kat\u0131l\u0131m\u0131n yan\u0131 s\u0131ra (Irak, L\u00fcbnan, M\u0131s\u0131r, Cezayir, Hollanda, \u00c7in, Bulgaristan) bir\u00e7ok \u00fclkeden 15 yabanc\u0131 kat\u0131l\u0131mc\u0131n\u0131n da aralar\u0131nda bulundu\u011fu 140&#8217;\u0131n \u00fczerinde &hellip;<\/p>\n","protected":false},"author":41,"featured_media":287093,"comment_status":"closed","ping_status":"closed","sticky":false,"template":"","format":"standard","meta":{"footnotes":""},"categories":[516,479,511,17988,478],"tags":[35509,7324,4349,31587,1978,7321,1302,39485],"class_list":["post-287091","post","type-post","status-publish","format-standard","has-post-thumbnail","","category-haberler-kultur-ve-sanat","category-haberler-yerel","category-kultur-ve-sanat","category-son-haberler","category-yerel","tag-bulgaristan","tag-cezayir","tag-cin","tag-hollanda","tag-irak","tag-lubnan","tag-misir","tag-uluslararasi-cicek-gosterisi-yakinda-samdaki-tisrin-parkinda-baslayacak"],"_links":{"self":[{"href":"https:\/\/archive.sana.sy\/tr\/index.php?rest_route=\/wp\/v2\/posts\/287091","targetHints":{"allow":["GET"]}}],"collection":[{"href":"https:\/\/archive.sana.sy\/tr\/index.php?rest_route=\/wp\/v2\/posts"}],"about":[{"href":"https:\/\/archive.sana.sy\/tr\/index.php?rest_route=\/wp\/v2\/types\/post"}],"author":[{"embeddable":true,"href":"https:\/\/archive.sana.sy\/tr\/index.php?rest_route=\/wp\/v2\/users\/41"}],"replies":[{"embeddable":true,"href":"https:\/\/archive.sana.sy\/tr\/index.php?rest_route=%2Fwp%2Fv2%2Fcomments&post=287091"}],"version-history":[{"count":1,"href":"https:\/\/archive.sana.sy\/tr\/index.php?rest_route=\/wp\/v2\/posts\/287091\/revisions"}],"predecessor-version":[{"id":287092,"href":"https:\/\/archive.sana.sy\/tr\/index.php?rest_route=\/wp\/v2\/posts\/287091\/revisions\/287092"}],"wp:featuredmedia":[{"embeddable":true,"href":"https:\/\/archive.sana.sy\/tr\/index.php?rest_route=\/wp\/v2\/media\/287093"}],"wp:attachment":[{"href":"https:\/\/archive.sana.sy\/tr\/index.php?rest_route=%2Fwp%2Fv2%2Fmedia&parent=287091"}],"wp:term":[{"taxonomy":"category","embeddable":true,"href":"https:\/\/archive.sana.sy\/tr\/index.php?rest_route=%2Fwp%2Fv2%2Fcategories&post=287091"},{"taxonomy":"post_tag","embeddable":true,"href":"https:\/\/archive.sana.sy\/tr\/index.php?rest_route=%2Fwp%2Fv2%2Ftags&post=287091"}],"curies":[{"name":"wp","href":"https:\/\/api.w.org\/{rel}","templated":true}]}}