{"id":287097,"date":"2023-08-28T07:45:08","date_gmt":"2023-08-28T04:45:08","guid":{"rendered":"https:\/\/sana.sy\/tr\/?p=287097"},"modified":"2023-08-30T08:08:05","modified_gmt":"2023-08-30T05:08:05","slug":"dunyanin-ilk-kitalararasi-fuzesi","status":"publish","type":"post","link":"https:\/\/archive.sana.sy\/tr\/?p=287097","title":{"rendered":"D\u00fcnyan\u0131n \u0130lk K\u0131talararas\u0131 F\u00fczesi!"},"content":{"rendered":"<p style=\"text-align: justify;\"><strong>MOSKOVA 28 A\u011fustos (SANA)-<\/strong> Uzun bir gizli \u00e7al\u0131\u015fma yolculu\u011funun ard\u0131ndan Sovyetler Birli\u011fi, 26 A\u011fustos 1957&#8217;de, ger\u00e7ek testten be\u015f g\u00fcn sonra ilk k\u0131talararas\u0131 balistik f\u00fczenin ba\u015far\u0131yla f\u0131rlat\u0131ld\u0131\u011f\u0131n\u0131 duyurdu.<\/p>\n<p style=\"text-align: justify;\"><img loading=\"lazy\" decoding=\"async\" class=\" wp-image-287099 alignright\" src=\"http:\/\/sana.sy\/tr\/wp-content\/uploads\/2023\/08\/64ec29da4c59b776275be6dd.jpg\" alt=\"\" width=\"193\" height=\"282\" srcset=\"https:\/\/archive.sana.sy\/tr\/wp-content\/uploads\/2023\/08\/64ec29da4c59b776275be6dd.jpg 600w, https:\/\/archive.sana.sy\/tr\/wp-content\/uploads\/2023\/08\/64ec29da4c59b776275be6dd-205x300.jpg 205w\" sizes=\"auto, (max-width: 193px) 100vw, 193px\" \/>D\u00fcnyan\u0131n ilk k\u0131talararas\u0131 balistik f\u00fczesi &#8220;R-7&#8221; ad\u0131n\u0131 ta\u015f\u0131yordu ve 66 y\u0131l \u00f6nce Kazakistan&#8217;daki &#8220;Bakanur&#8221; uzay \u00fcss\u00fcnden ba\u015far\u0131yla f\u0131rlat\u0131lm\u0131\u015ft\u0131.<\/p>\n<p style=\"text-align: justify;\">Bu Sovyet f\u00fczesi, ba\u015far\u0131yla test edilen, sava\u015f ba\u015fl\u0131\u011f\u0131 ta\u015f\u0131yabilen, iki a\u015famadan olu\u015fan, 3 ton a\u011f\u0131rl\u0131\u011f\u0131nda s\u00f6k\u00fclebilir sava\u015f ba\u015fl\u0131\u011f\u0131yla donat\u0131lm\u0131\u015f, 8 bin kilometre u\u00e7u\u015f menziline sahip ilk balistik f\u00fczeydi.<\/p>\n<p style=\"text-align: justify;\">Daha sonra 1960 y\u0131l\u0131 ba\u015f\u0131ndan 1968 y\u0131l\u0131 sonuna kadar &#8220;R-7&#8221; s\u0131n\u0131fland\u0131rmal\u0131 bu f\u00fczede modifikasyonlar yap\u0131larak menzili 6.500 km&#8217;den 9.500 km&#8217;ye \u00e7\u0131kar\u0131ld\u0131.<\/p>\n<p style=\"text-align: justify;\">Bu ilk k\u0131talararas\u0131 f\u00fcze, Sovyet Stratejik F\u00fcze Kuvvetlerinin hizmetine girdi ve NATO \u00fclkelerinde &#8220;SS-6 Sabwood&#8221; olarak tan\u0131nd\u0131.<\/p>\n<p style=\"text-align: justify;\">O d\u00f6nemde Sovyetler Birli\u011fi&#8217;nin ilk k\u0131talararas\u0131 balistik f\u00fczeyi f\u0131rlatmadaki ba\u015far\u0131s\u0131, yaln\u0131zca cephaneli\u011fine \u00e7ok g\u00fc\u00e7l\u00fc bir silah eklemekle kalmad\u0131, ayn\u0131 zamanda bu f\u00fcze onun uzay liderli\u011finin temel <img loading=\"lazy\" decoding=\"async\" class=\" wp-image-287100 alignright\" src=\"http:\/\/sana.sy\/tr\/wp-content\/uploads\/2023\/08\/64ec2a084c59b70a772c5832.jpg\" alt=\"\" width=\"183\" height=\"226\" srcset=\"https:\/\/archive.sana.sy\/tr\/wp-content\/uploads\/2023\/08\/64ec2a084c59b70a772c5832.jpg 730w, https:\/\/archive.sana.sy\/tr\/wp-content\/uploads\/2023\/08\/64ec2a084c59b70a772c5832-242x300.jpg 242w\" sizes=\"auto, (max-width: 183px) 100vw, 183px\" \/>arac\u0131 haline geldi.<\/p>\n<p style=\"text-align: justify;\">D\u00fcnyan\u0131n ilk transit f\u00fczesi R-7&#8217;nin tasar\u0131m\u0131 Temmuz 1954&#8217;te tamamland\u0131 ve bu f\u00fczenin ilk testleri 15 May\u0131s 1957&#8217;de ba\u015flad\u0131.<\/p>\n<p style=\"text-align: justify;\">D\u00fcnyada ilk olan bu Sovyet ICBM&#8217;si, 21 A\u011fustos 1957&#8217;de ger\u00e7ekle\u015ftirilen d\u00f6rd\u00fcnc\u00fc testte ba\u015far\u0131l\u0131 oldu ve hedef b\u00f6lgeye ula\u015fmay\u0131 ba\u015fard\u0131.<\/p>\n<p style=\"text-align: justify;\">Korolev&#8217;in R-7 roketi, Vostok, Voskhod, Lightning, Soyuz, Soyuz-2 gibi t\u00fcm f\u0131rlatma ara\u00e7lar\u0131 ailesinin geli\u015ftirilmesinin temelini olu\u015fturdu.<\/p>\n<p style=\"text-align: justify;\">Bu f\u0131rlatma ara\u00e7lar\u0131n\u0131n en son modelleri \u015fu ana kadar aktif olarak kullan\u0131l\u0131rken, &#8220;R-7&#8221; ailesinin roketleri tarihteki en b\u00fcy\u00fck roketler haline geldi ve ger\u00e7ek f\u0131rlatma say\u0131s\u0131 2000&#8217;e ula\u015ft\u0131.<\/p>\n<p style=\"text-align: justify;\">Ayn\u0131 zamanda d\u00fcnyadaki en g\u00fcvenilir f\u00fczelerden biri olarak kabul edilmektedir.Bu sayede insanl\u0131 uzay arac\u0131 f\u0131rlat\u0131ld\u0131 ve Rusya hala bu roket ailesi olan &#8220;Soyuz&#8221; ve &#8220;Soyuz-2&#8221; f\u00fczelerini kullan\u0131yor.<\/p>\n<p><a href=\"https:\/\/t.me\/SuriyeArapHaberAjansI\">Telegram Kanal\u0131m\u0131z\u00a0<\/a><\/p>\n<p><a href=\"https:\/\/www.facebook.com\/SANAHaberAjansi\/\">Facebook Sayfam\u0131z<\/a><\/p>\n<p><a href=\"https:\/\/twitter.com\/arap_ajans\">Twitter Hesab\u0131m\u0131z<\/a><\/p>\n","protected":false},"excerpt":{"rendered":"<p>MOSKOVA 28 A\u011fustos (SANA)- Uzun bir gizli \u00e7al\u0131\u015fma yolculu\u011funun ard\u0131ndan Sovyetler Birli\u011fi, 26 A\u011fustos 1957&#8217;de, ger\u00e7ek testten be\u015f g\u00fcn sonra ilk k\u0131talararas\u0131 balistik f\u00fczenin ba\u015far\u0131yla f\u0131rlat\u0131ld\u0131\u011f\u0131n\u0131 duyurdu. D\u00fcnyan\u0131n ilk k\u0131talararas\u0131 balistik f\u00fczesi &#8220;R-7&#8221; ad\u0131n\u0131 ta\u015f\u0131yordu ve 66 y\u0131l \u00f6nce Kazakistan&#8217;daki &#8220;Bakanur&#8221; uzay \u00fcss\u00fcnden ba\u015far\u0131yla f\u0131rlat\u0131lm\u0131\u015ft\u0131. Bu Sovyet f\u00fczesi, ba\u015far\u0131yla test edilen, sava\u015f ba\u015fl\u0131\u011f\u0131 ta\u015f\u0131yabilen, iki &hellip;<\/p>\n","protected":false},"author":41,"featured_media":287098,"comment_status":"closed","ping_status":"closed","sticky":false,"template":"","format":"standard","meta":{"footnotes":""},"categories":[458,459,17988],"tags":[39487],"class_list":["post-287097","post","type-post","status-publish","format-standard","has-post-thumbnail","","category-dunya1","category-haberler-arap-uluslararasi-politika","category-son-haberler","tag-dunyanin-ilk-kitalararasi-fuzesi"],"_links":{"self":[{"href":"https:\/\/archive.sana.sy\/tr\/index.php?rest_route=\/wp\/v2\/posts\/287097","targetHints":{"allow":["GET"]}}],"collection":[{"href":"https:\/\/archive.sana.sy\/tr\/index.php?rest_route=\/wp\/v2\/posts"}],"about":[{"href":"https:\/\/archive.sana.sy\/tr\/index.php?rest_route=\/wp\/v2\/types\/post"}],"author":[{"embeddable":true,"href":"https:\/\/archive.sana.sy\/tr\/index.php?rest_route=\/wp\/v2\/users\/41"}],"replies":[{"embeddable":true,"href":"https:\/\/archive.sana.sy\/tr\/index.php?rest_route=%2Fwp%2Fv2%2Fcomments&post=287097"}],"version-history":[{"count":1,"href":"https:\/\/archive.sana.sy\/tr\/index.php?rest_route=\/wp\/v2\/posts\/287097\/revisions"}],"predecessor-version":[{"id":287101,"href":"https:\/\/archive.sana.sy\/tr\/index.php?rest_route=\/wp\/v2\/posts\/287097\/revisions\/287101"}],"wp:featuredmedia":[{"embeddable":true,"href":"https:\/\/archive.sana.sy\/tr\/index.php?rest_route=\/wp\/v2\/media\/287098"}],"wp:attachment":[{"href":"https:\/\/archive.sana.sy\/tr\/index.php?rest_route=%2Fwp%2Fv2%2Fmedia&parent=287097"}],"wp:term":[{"taxonomy":"category","embeddable":true,"href":"https:\/\/archive.sana.sy\/tr\/index.php?rest_route=%2Fwp%2Fv2%2Fcategories&post=287097"},{"taxonomy":"post_tag","embeddable":true,"href":"https:\/\/archive.sana.sy\/tr\/index.php?rest_route=%2Fwp%2Fv2%2Ftags&post=287097"}],"curies":[{"name":"wp","href":"https:\/\/api.w.org\/{rel}","templated":true}]}}