{"id":287102,"date":"2023-08-28T17:08:08","date_gmt":"2023-08-28T14:08:08","guid":{"rendered":"https:\/\/sana.sy\/tr\/?p=287102"},"modified":"2023-08-30T08:09:01","modified_gmt":"2023-08-30T05:09:01","slug":"suriye-israilin-halep-havalimanina-yonelik-saldirganligi-batinin-gerilimi-tirmandirmasi-ve-terore-verdigi-destek-cercevesinde-gerceklesti","status":"publish","type":"post","link":"https:\/\/archive.sana.sy\/tr\/?p=287102","title":{"rendered":"Suriye: \u0130srail&#8217;in Halep Havaliman\u0131&#8217;na y\u00f6nelik Sald\u0131rganl\u0131\u011f\u0131, Bat\u0131&#8217;n\u0131n Gerilimi T\u0131rmand\u0131rmas\u0131 Ve Ter\u00f6re Verdi\u011fi Destek \u00c7er\u00e7evesinde Ger\u00e7ekle\u015fti"},"content":{"rendered":"<p style=\"text-align: justify;\"><strong>\u015eAM 28 A\u011fustos (SANA) &#8211;<\/strong> Suriye, \u0130srail&#8217;in Halep Uluslararas\u0131 Havaliman\u0131&#8217;na y\u00f6nelik sald\u0131rganl\u0131\u011f\u0131n\u0131n Amerika ve Bat\u0131&#8217;n\u0131n gerilimi t\u0131rmand\u0131rmas\u0131, ter\u00f6rizme ve \u00f6rg\u00fctlerine devam eden deste\u011fi ve Suriye halk\u0131na y\u00f6nelik ekonomik yapt\u0131r\u0131mlar\u0131n sonu\u00e7lar\u0131n\u0131n a\u011f\u0131rla\u015ft\u0131r\u0131lmas\u0131 \u00e7er\u00e7evesinde ger\u00e7ekle\u015fti\u011fini vurgulayarak, g\u00fcvenlik Konseyi&#8217;ne, i\u015fgalci y\u00f6netimi bu su\u00e7lardan sorumlu tutma ve failleri sorumlu tutma y\u00f6n\u00fcndeki sorumluluklar\u0131n\u0131 \u00fcstlenmesi \u00e7a\u011fr\u0131s\u0131n\u0131 yineledi.<\/p>\n<p style=\"text-align: justify;\">D\u0131\u015fi\u015fleri ve Gurbet\u00e7iler Bakanl\u0131\u011f\u0131&#8217;n\u0131n bug\u00fcn bir n\u00fcshas\u0131 SANA&#8217;ya ula\u015fan a\u00e7\u0131klamas\u0131nda, \u2018\u2019\u0130srail i\u015fgali, Birle\u015fmi\u015f Milletler \u015eart\u0131n\u0131 apa\u00e7\u0131k ihlal etmeye, uluslararas\u0131 hukuka ve uluslararas\u0131 insanc\u0131l hukuka sayg\u0131s\u0131zl\u0131\u011fa ve hayati \u00f6neme sahip sivil altyap\u0131 ve tesisleri vurma y\u00f6n\u00fcndeki ac\u0131mas\u0131z politikas\u0131na devam ediyor. Bug\u00fcn saat 04.30 s\u0131ralar\u0131nda i\u015fgal g\u00fc\u00e7leri Lazkiye&#8217;nin bat\u0131s\u0131nda Akdeniz y\u00f6n\u00fcnden Halep Uluslararas\u0131 Havaliman\u0131&#8217;na hava sald\u0131r\u0131s\u0131 d\u00fczenledi ve havaalan\u0131 hizmet d\u0131\u015f\u0131 kald\u0131\u2019\u2019 dedi.<\/p>\n<p style=\"text-align: justify;\">Bakanl\u0131k ayr\u0131ca, \u2018\u2019\u0130srail d\u00fc\u015fman\u0131n\u0131n \u015eam ve Halep&#8217;teki uluslararas\u0131 havalimanlar\u0131, Lazkiye&#8217;deki ticari liman, bilim ve k\u00fclt\u00fcr merkezleri gibi sivil nesneleri ve tesisleri hedef almas\u0131 ilk kez olmuyor. U\u00e7u\u015f ve seyr\u00fcsefer \u00f6zg\u00fcrl\u00fc\u011f\u00fcn\u00fc tehdit etmek, uluslararas\u0131 sivil havac\u0131l\u0131\u011f\u0131n hareket ve g\u00fcvenli\u011fine kay\u0131ts\u0131z kalmak, sivillerin hayatlar\u0131yla alay etmek ve onlara kar\u015f\u0131 s\u00fcrekli su\u00e7lar i\u015flemek \u0130srail politikas\u0131n\u0131n su\u00e7lar\u0131n\u0131n temel ve de\u011fi\u015fmez \u00f6zellikleridir\u2019\u2019 ifadelerini kulland\u0131.<\/p>\n<p style=\"text-align: justify;\">Bakanl\u0131k a\u00e7\u0131klamas\u0131nda da , \u0130srail askeri ve siyasi liderlerinin Suriye&#8217;ye y\u00f6nelik art arda d\u00fczenledi\u011fi sad\u0131rganl\u0131klar\u0131n as\u0131l amac\u0131n\u0131n, \u0130srail i\u00e7inde k\u00f6t\u00fcle\u015fen krizden ka\u00e7mak oldu\u011funu kaydederek, bu sald\u0131r\u0131lar\u0131n Amerika ve Bat\u0131&#8217;n\u0131n Suriye&#8217;ye kar\u015f\u0131 t\u0131rmand\u0131rmas\u0131, ter\u00f6re ve ter\u00f6r \u00f6rg\u00fctlerine verdi\u011fi destek \u00e7er\u00e7evesinde ger\u00e7ekle\u015fti\u011fini ve \u00fclkelerindeki t\u00fcm Suriyelilere uygulanan ekonomik yapt\u0131r\u0131mlar\u0131n sonu\u00e7lar\u0131n\u0131 a\u011f\u0131rla\u015ft\u0131rmay\u0131 ama\u00e7lad\u0131\u011f\u0131n\u0131 vurgulad\u0131.<\/p>\n<p style=\"text-align: justify;\">\u0130srail i\u015fgal otoritelerinin, sald\u0131rgan politikalar\u0131 ve Suriyeli sivil tesisleri hedef almalar\u0131 yoluyla, b\u00f6lgesel ve uluslararas\u0131 istikrar\u0131 istikrars\u0131zla\u015ft\u0131rmaya y\u00f6nelik politikalar\u0131n \u00f6nemli bir par\u00e7as\u0131 olduklar\u0131n\u0131 teyit etti\u011fini belirten bakanl\u0131k a\u00e7\u0131klamas\u0131n\u0131 \u015fu ifadelere tamalmad\u0131: \u2018\u2019 Suriye, \u0130srail&#8217;in bu korkak\u00e7a ter\u00f6r sald\u0131r\u0131s\u0131n\u0131 k\u0131n\u0131yor ve \u0130srail&#8217;i bu sald\u0131r\u0131lar\u0131 s\u00fcrd\u00fcrmemesi konusunda bir kez daha uyar\u0131yor ve G\u00fcvenlik Konseyi&#8217;ne, \u015eart ve uluslararas\u0131 me\u015fruiyet kararlar\u0131 kapsam\u0131ndaki sorumluluklar\u0131n\u0131 yerine getirerek bu su\u00e7lardan (\u0130srail) sorumlu tutulmas\u0131 ve faillerinden hesap sorulmas\u0131 \u00e7a\u011fr\u0131s\u0131n\u0131 yineliyor.\u2019\u2019<\/p>\n<p style=\"text-align: justify;\"><a href=\"https:\/\/t.me\/SuriyeArapHaberAjansI\">Telegram Kanal\u0131m\u0131z\u00a0<\/a><\/p>\n<p style=\"text-align: justify;\"><a href=\"https:\/\/www.facebook.com\/SANAHaberAjansi\/\">Facebook Sayfam\u0131z<\/a><\/p>\n<p style=\"text-align: justify;\"><a href=\"https:\/\/twitter.com\/arap_ajans\">Twitter Hesab\u0131m\u0131z<\/a><\/p>\n","protected":false},"excerpt":{"rendered":"<p>\u015eAM 28 A\u011fustos (SANA) &#8211; Suriye, \u0130srail&#8217;in Halep Uluslararas\u0131 Havaliman\u0131&#8217;na y\u00f6nelik sald\u0131rganl\u0131\u011f\u0131n\u0131n Amerika ve Bat\u0131&#8217;n\u0131n gerilimi t\u0131rmand\u0131rmas\u0131, ter\u00f6rizme ve \u00f6rg\u00fctlerine devam eden deste\u011fi ve Suriye halk\u0131na y\u00f6nelik ekonomik yapt\u0131r\u0131mlar\u0131n sonu\u00e7lar\u0131n\u0131n a\u011f\u0131rla\u015ft\u0131r\u0131lmas\u0131 \u00e7er\u00e7evesinde ger\u00e7ekle\u015fti\u011fini vurgulayarak, g\u00fcvenlik Konseyi&#8217;ne, i\u015fgalci y\u00f6netimi bu su\u00e7lardan sorumlu tutma ve failleri sorumlu tutma y\u00f6n\u00fcndeki sorumluluklar\u0131n\u0131 \u00fcstlenmesi \u00e7a\u011fr\u0131s\u0131n\u0131 yineledi. D\u0131\u015fi\u015fleri ve Gurbet\u00e7iler Bakanl\u0131\u011f\u0131&#8217;n\u0131n &hellip;<\/p>\n","protected":false},"author":41,"featured_media":287103,"comment_status":"closed","ping_status":"closed","sticky":false,"template":"","format":"standard","meta":{"footnotes":""},"categories":[479,575,17988,478],"tags":[39489,39488,19043,38641,22182],"class_list":["post-287102","post","type-post","status-publish","format-standard","has-post-thumbnail","","category-haberler-yerel","category-olaylar-ve-gercekler","category-son-haberler","category-yerel","tag-batinin-gerilimi-tirmandirmasi-ve-terore-verdigi-destek-cercevesinde-gerceklesti","tag-suriye-israilin-halep-havalimanina-yonelik-saldirganligi","tag-suriyede-son-durum","tag-suriyede-son-gelimeler","tag-suriyede-savas"],"_links":{"self":[{"href":"https:\/\/archive.sana.sy\/tr\/index.php?rest_route=\/wp\/v2\/posts\/287102","targetHints":{"allow":["GET"]}}],"collection":[{"href":"https:\/\/archive.sana.sy\/tr\/index.php?rest_route=\/wp\/v2\/posts"}],"about":[{"href":"https:\/\/archive.sana.sy\/tr\/index.php?rest_route=\/wp\/v2\/types\/post"}],"author":[{"embeddable":true,"href":"https:\/\/archive.sana.sy\/tr\/index.php?rest_route=\/wp\/v2\/users\/41"}],"replies":[{"embeddable":true,"href":"https:\/\/archive.sana.sy\/tr\/index.php?rest_route=%2Fwp%2Fv2%2Fcomments&post=287102"}],"version-history":[{"count":1,"href":"https:\/\/archive.sana.sy\/tr\/index.php?rest_route=\/wp\/v2\/posts\/287102\/revisions"}],"predecessor-version":[{"id":287104,"href":"https:\/\/archive.sana.sy\/tr\/index.php?rest_route=\/wp\/v2\/posts\/287102\/revisions\/287104"}],"wp:featuredmedia":[{"embeddable":true,"href":"https:\/\/archive.sana.sy\/tr\/index.php?rest_route=\/wp\/v2\/media\/287103"}],"wp:attachment":[{"href":"https:\/\/archive.sana.sy\/tr\/index.php?rest_route=%2Fwp%2Fv2%2Fmedia&parent=287102"}],"wp:term":[{"taxonomy":"category","embeddable":true,"href":"https:\/\/archive.sana.sy\/tr\/index.php?rest_route=%2Fwp%2Fv2%2Fcategories&post=287102"},{"taxonomy":"post_tag","embeddable":true,"href":"https:\/\/archive.sana.sy\/tr\/index.php?rest_route=%2Fwp%2Fv2%2Ftags&post=287102"}],"curies":[{"name":"wp","href":"https:\/\/api.w.org\/{rel}","templated":true}]}}