{"id":287105,"date":"2023-08-28T18:03:35","date_gmt":"2023-08-28T15:03:35","guid":{"rendered":"https:\/\/sana.sy\/tr\/?p=287105"},"modified":"2023-08-30T08:09:53","modified_gmt":"2023-08-30T05:09:53","slug":"yurtta-gorev-yapan-tip-doktorunun-hizmetten-ayrilma-yasinin-altmis-bese-cikarilmasina-iliskin-k-h-kararname","status":"publish","type":"post","link":"https:\/\/archive.sana.sy\/tr\/?p=287105","title":{"rendered":"Yurtta G\u00f6rev Yapan T\u0131p Doktorunun Hizmetten Ayr\u0131lma Ya\u015f\u0131n\u0131n Altm\u0131\u015f Be\u015fe \u00c7\u0131kar\u0131lmas\u0131na ili\u015fkin K.H. Kararname"},"content":{"rendered":"<p style=\"text-align: justify;\"><strong>\u015eAM 28 A\u011fustos (SANA)<\/strong> &#8211; Cumhurba\u015fkan\u0131 Be\u015f\u015far Esad \u00fclkede \u00e7al\u0131\u015fan bir t\u0131p doktorun hizmetinden ayr\u0131lma ya\u015f\u0131n\u0131 altm\u0131\u015f be\u015f ya\u015f\u0131na \u00e7\u0131karmak ve yetmi\u015f ya\u015f\u0131n\u0131 doldurana kadar hizmetini her y\u0131l uzatma olana\u011f\u0131 sa\u011flamak i\u00e7in 2023 tarih ve 31 say\u0131l\u0131 Kanun H\u00fckm\u00fcnde Kararname \u00e7\u0131kard\u0131.<\/p>\n<p style=\"text-align: justify;\"><a href=\"https:\/\/t.me\/SuriyeArapHaberAjansI\">Telegram Kanal\u0131m\u0131z\u00a0<\/a><\/p>\n<p style=\"text-align: justify;\"><a href=\"https:\/\/www.facebook.com\/SANAHaberAjansi\/\">Facebook Sayfam\u0131z<\/a><\/p>\n<p style=\"text-align: justify;\"><a href=\"https:\/\/twitter.com\/arap_ajans\">Twitter Hesab\u0131m\u0131z<\/a><\/p>\n","protected":false},"excerpt":{"rendered":"<p>\u015eAM 28 A\u011fustos (SANA) &#8211; Cumhurba\u015fkan\u0131 Be\u015f\u015far Esad \u00fclkede \u00e7al\u0131\u015fan bir t\u0131p doktorun hizmetinden ayr\u0131lma ya\u015f\u0131n\u0131 altm\u0131\u015f be\u015f ya\u015f\u0131na \u00e7\u0131karmak ve yetmi\u015f ya\u015f\u0131n\u0131 doldurana kadar hizmetini her y\u0131l uzatma olana\u011f\u0131 sa\u011flamak i\u00e7in 2023 tarih ve 31 say\u0131l\u0131 Kanun H\u00fckm\u00fcnde Kararname \u00e7\u0131kard\u0131. Telegram Kanal\u0131m\u0131z\u00a0 Facebook Sayfam\u0131z Twitter Hesab\u0131m\u0131z<\/p>\n","protected":false},"author":41,"featured_media":287064,"comment_status":"closed","ping_status":"closed","sticky":false,"template":"","format":"standard","meta":{"footnotes":""},"categories":[606,605,17988,599],"tags":[],"class_list":["post-287105","post","type-post","status-publish","format-standard","has-post-thumbnail","","category-cumhurbaskani","category-sayin-cumhurbaskani","category-son-haberler","category-yasama-ve-kanunlar"],"_links":{"self":[{"href":"https:\/\/archive.sana.sy\/tr\/index.php?rest_route=\/wp\/v2\/posts\/287105","targetHints":{"allow":["GET"]}}],"collection":[{"href":"https:\/\/archive.sana.sy\/tr\/index.php?rest_route=\/wp\/v2\/posts"}],"about":[{"href":"https:\/\/archive.sana.sy\/tr\/index.php?rest_route=\/wp\/v2\/types\/post"}],"author":[{"embeddable":true,"href":"https:\/\/archive.sana.sy\/tr\/index.php?rest_route=\/wp\/v2\/users\/41"}],"replies":[{"embeddable":true,"href":"https:\/\/archive.sana.sy\/tr\/index.php?rest_route=%2Fwp%2Fv2%2Fcomments&post=287105"}],"version-history":[{"count":1,"href":"https:\/\/archive.sana.sy\/tr\/index.php?rest_route=\/wp\/v2\/posts\/287105\/revisions"}],"predecessor-version":[{"id":287106,"href":"https:\/\/archive.sana.sy\/tr\/index.php?rest_route=\/wp\/v2\/posts\/287105\/revisions\/287106"}],"wp:featuredmedia":[{"embeddable":true,"href":"https:\/\/archive.sana.sy\/tr\/index.php?rest_route=\/wp\/v2\/media\/287064"}],"wp:attachment":[{"href":"https:\/\/archive.sana.sy\/tr\/index.php?rest_route=%2Fwp%2Fv2%2Fmedia&parent=287105"}],"wp:term":[{"taxonomy":"category","embeddable":true,"href":"https:\/\/archive.sana.sy\/tr\/index.php?rest_route=%2Fwp%2Fv2%2Fcategories&post=287105"},{"taxonomy":"post_tag","embeddable":true,"href":"https:\/\/archive.sana.sy\/tr\/index.php?rest_route=%2Fwp%2Fv2%2Ftags&post=287105"}],"curies":[{"name":"wp","href":"https:\/\/api.w.org\/{rel}","templated":true}]}}