{"id":287107,"date":"2023-08-28T15:12:57","date_gmt":"2023-08-28T12:12:57","guid":{"rendered":"https:\/\/sana.sy\/tr\/?p=287107"},"modified":"2023-08-30T08:08:59","modified_gmt":"2023-08-30T05:08:59","slug":"silahli-kuvvetlerimize-bagli-birimlerimiz-idlib-kirsalindaki-teror-karargahlarini-hedef-alarak-bir-kismini-etkisiz-hale-getirdi-video","status":"publish","type":"post","link":"https:\/\/archive.sana.sy\/tr\/?p=287107","title":{"rendered":"Silahl\u0131 Kuvvetlerimize Ba\u011fl\u0131 Birimler \u0130dlib K\u0131rsal\u0131ndaki Ter\u00f6r Karargahlar\u0131n\u0131 Hedef  Ald\u0131 \u2013 Video"},"content":{"rendered":"<p style=\"text-align: justify;\"><strong>\u015eAM 28 A\u011fustos (SANA) \u2013<\/strong> Silahl\u0131 kuvvetlerimize ba\u011fl\u0131 birlikler \u0130dlib k\u0131rsal\u0131ndaki ter\u00f6r karargahlar\u0131n\u0131 hava ve f\u00fcze sald\u0131r\u0131lar\u0131yla hedef alarak silah ve m\u00fchimmat\u0131n\u0131 imha etti, bir k\u0131sm\u0131n\u0131 da imha etti.<\/p>\n<p style=\"text-align: justify;\">Savunma Bakanl\u0131\u011f\u0131 resmi Facebook sayfas\u0131nda, \u2018\u2019Ter\u00f6r \u00f6rg\u00fctlerinin son d\u00f6nemde Hama ve \u0130dlib k\u0131rsal\u0131nda faaliyet g\u00f6steren g\u00fc\u00e7lerimize ait askeri saha ve noktalara y\u00f6nelik ger\u00e7ekle\u015ftirdi\u011fi sald\u0131r\u0131lara yan\u0131t olarak, Silahl\u0131 kuvvetlerimize ba\u011fl\u0131 birliklerimiz, Rus sava\u015f u\u00e7aklar\u0131yla i\u015f birli\u011fi yaparak, \u0130dlib&#8217;in g\u00fcney k\u0131rsal\u0131nda s\u00f6zde Ensar El Tevhid \u00d6rg\u00fct\u00fc ve Hayat Tahrir El \u015eam (eski ad\u0131yla Nusra Cephesi) ba\u011flant\u0131l\u0131 ter\u00f6r \u00f6rg\u00fctlerinin karargahlar\u0131na hava ve f\u00fcze sald\u0131r\u0131lar\u0131 d\u00fczenledi\u2019\u2019 dedi.<\/p>\n<p style=\"text-align: justify;\">Bakanl\u0131k ayr\u0131ca, \u201cSald\u0131r\u0131lar, silahlar, te\u00e7hizat ve m\u00fchimmat da dahil olmak \u00fczere bu karargahlar\u0131n tamamen yok edilmesine ve \u00e7ok say\u0131da ter\u00f6ristin ve liderlerinin \u00f6ld\u00fcr\u00fclmesine yol a\u00e7t\u0131. Bunlar aras\u0131nda Heyet Tahrir El \u015eam \u00f6rg\u00fct\u00fcnden Mahmud Sarmini ve Memduh Allu\u015f ile Ensar\u00a0 El Tevhid \u00f6rg\u00fct\u00fcnden iki ter\u00f6rist Ebu Rayan Mua \u00a0ve Ebu Kasura El Garbi de vard\u0131\u2019\u2019 ifadelerini a\u00e7\u0131klamas\u0131na ekledi.<\/p>\n<p><iframe loading=\"lazy\" title=\"\u0648\u062d\u062f\u0627\u062a \u0645\u0646 \u0642\u0648\u0627\u062a\u0646\u0627 \u0627\u0644\u0645\u0633\u0644\u062d\u0629 \u062a\u0633\u062a\u0647\u062f\u0641 \u0645\u0642\u0631\u0627\u062a \u0627\u0644\u0625\u0631\u0647\u0627\u0628\u064a\u064a\u0646 \u0641\u064a \u0631\u064a\u0641 \u0625\u062f\u0644\u0628 \u0648\u062a\u0642\u0636\u064a \u0639\u0644\u0649 \u0639\u062f\u062f \u0645\u0646\u0647\u0645\" width=\"618\" height=\"348\" src=\"https:\/\/www.youtube.com\/embed\/DBP2FkE40SU?feature=oembed\" frameborder=\"0\" allow=\"accelerometer; autoplay; clipboard-write; encrypted-media; gyroscope; picture-in-picture; web-share\" referrerpolicy=\"strict-origin-when-cross-origin\" allowfullscreen><\/iframe><\/p>\n<p style=\"text-align: justify;\"><a href=\"https:\/\/t.me\/SuriyeArapHaberAjansI\">Telegram Kanal\u0131m\u0131z\u00a0<\/a><\/p>\n<p style=\"text-align: justify;\"><a href=\"https:\/\/www.facebook.com\/SANAHaberAjansi\/\">Facebook Sayfam\u0131z<\/a><\/p>\n<p style=\"text-align: justify;\"><a href=\"https:\/\/twitter.com\/arap_ajans\">Twitter Hesab\u0131m\u0131z<\/a><\/p>\n<p style=\"text-align: justify;\">\n","protected":false},"excerpt":{"rendered":"<p>\u015eAM 28 A\u011fustos (SANA) \u2013 Silahl\u0131 kuvvetlerimize ba\u011fl\u0131 birlikler \u0130dlib k\u0131rsal\u0131ndaki ter\u00f6r karargahlar\u0131n\u0131 hava ve f\u00fcze sald\u0131r\u0131lar\u0131yla hedef alarak silah ve m\u00fchimmat\u0131n\u0131 imha etti, bir k\u0131sm\u0131n\u0131 da imha etti. Savunma Bakanl\u0131\u011f\u0131 resmi Facebook sayfas\u0131nda, \u2018\u2019Ter\u00f6r \u00f6rg\u00fctlerinin son d\u00f6nemde Hama ve \u0130dlib k\u0131rsal\u0131nda faaliyet g\u00f6steren g\u00fc\u00e7lerimize ait askeri saha ve noktalara y\u00f6nelik ger\u00e7ekle\u015ftirdi\u011fi sald\u0131r\u0131lara yan\u0131t olarak, &hellip;<\/p>\n","protected":false},"author":41,"featured_media":287108,"comment_status":"closed","ping_status":"closed","sticky":false,"template":"","format":"standard","meta":{"footnotes":""},"categories":[479,17988,478],"tags":[39490,39078,19043,38641],"class_list":["post-287107","post","type-post","status-publish","format-standard","has-post-thumbnail","","category-haberler-yerel","category-son-haberler","category-yerel","tag-silahli-kuvvetlerimize-bagli-birimlerimiz-idlib-kirsalindaki-teror-karargahlarini-hedef-alarak-bir-kismini-etkisiz-hale-getirdi-video","tag-suriyede-konuslanan-teror-orgutleri","tag-suriyede-son-durum","tag-suriyede-son-gelimeler"],"_links":{"self":[{"href":"https:\/\/archive.sana.sy\/tr\/index.php?rest_route=\/wp\/v2\/posts\/287107","targetHints":{"allow":["GET"]}}],"collection":[{"href":"https:\/\/archive.sana.sy\/tr\/index.php?rest_route=\/wp\/v2\/posts"}],"about":[{"href":"https:\/\/archive.sana.sy\/tr\/index.php?rest_route=\/wp\/v2\/types\/post"}],"author":[{"embeddable":true,"href":"https:\/\/archive.sana.sy\/tr\/index.php?rest_route=\/wp\/v2\/users\/41"}],"replies":[{"embeddable":true,"href":"https:\/\/archive.sana.sy\/tr\/index.php?rest_route=%2Fwp%2Fv2%2Fcomments&post=287107"}],"version-history":[{"count":4,"href":"https:\/\/archive.sana.sy\/tr\/index.php?rest_route=\/wp\/v2\/posts\/287107\/revisions"}],"predecessor-version":[{"id":287116,"href":"https:\/\/archive.sana.sy\/tr\/index.php?rest_route=\/wp\/v2\/posts\/287107\/revisions\/287116"}],"wp:featuredmedia":[{"embeddable":true,"href":"https:\/\/archive.sana.sy\/tr\/index.php?rest_route=\/wp\/v2\/media\/287108"}],"wp:attachment":[{"href":"https:\/\/archive.sana.sy\/tr\/index.php?rest_route=%2Fwp%2Fv2%2Fmedia&parent=287107"}],"wp:term":[{"taxonomy":"category","embeddable":true,"href":"https:\/\/archive.sana.sy\/tr\/index.php?rest_route=%2Fwp%2Fv2%2Fcategories&post=287107"},{"taxonomy":"post_tag","embeddable":true,"href":"https:\/\/archive.sana.sy\/tr\/index.php?rest_route=%2Fwp%2Fv2%2Ftags&post=287107"}],"curies":[{"name":"wp","href":"https:\/\/api.w.org\/{rel}","templated":true}]}}