{"id":287121,"date":"2023-08-29T09:35:19","date_gmt":"2023-08-29T06:35:19","guid":{"rendered":"https:\/\/sana.sy\/tr\/?p=287121"},"modified":"2023-08-30T08:10:20","modified_gmt":"2023-08-30T05:10:20","slug":"israil-isgal-gucleri-bati-seriada-12-filistinliyi-tutukladi","status":"publish","type":"post","link":"https:\/\/archive.sana.sy\/tr\/?p=287121","title":{"rendered":"\u0130srail \u0130\u015fgal G\u00fc\u00e7leri, Bat\u0131 \u015eeria&#8217;da 12 Filistinliyi Tutuklad\u0131"},"content":{"rendered":"<p style=\"text-align: justify;\"><strong>\u0130\u015eGAL ED\u0130LEN KUD\u00dcS 29 A\u011fustos (SANA) \u2013<\/strong>\u0130srail i\u015fgal g\u00fc\u00e7leri, Bat\u0131 \u015eeria&#8217;n\u0131n farkl\u0131 b\u00f6lgelerinde on iki Filistinliyi tutuklad\u0131.<\/p>\n<p style=\"text-align: justify;\">Filistinli WAFA Haber Ajans\u0131, i\u015fgal g\u00fc\u00e7lerinin, Ramallah, Beyt Lah\u0131m, Tulkarem ve Kalkilya kentlerine bask\u0131n d\u00fczenleyerek evleri arad\u0131\u011f\u0131n\u0131 ve 12 Filistinliyi tutuklad\u0131\u011f\u0131n\u0131 belirtti.<\/p>\n<p><a href=\"https:\/\/t.me\/SuriyeArapHaberAjansI\">Telegram Kanal\u0131m\u0131z\u00a0<\/a><\/p>\n<p><a href=\"https:\/\/www.facebook.com\/SANAHaberAjansi\/\">Facebook Sayfam\u0131z<\/a><\/p>\n<p><a href=\"https:\/\/twitter.com\/arap_ajans\">Twitter Hesab\u0131m\u0131z<\/a><\/p>\n","protected":false},"excerpt":{"rendered":"<p>\u0130\u015eGAL ED\u0130LEN KUD\u00dcS 29 A\u011fustos (SANA) \u2013\u0130srail i\u015fgal g\u00fc\u00e7leri, Bat\u0131 \u015eeria&#8217;n\u0131n farkl\u0131 b\u00f6lgelerinde on iki Filistinliyi tutuklad\u0131. Filistinli WAFA Haber Ajans\u0131, i\u015fgal g\u00fc\u00e7lerinin, Ramallah, Beyt Lah\u0131m, Tulkarem ve Kalkilya kentlerine bask\u0131n d\u00fczenleyerek evleri arad\u0131\u011f\u0131n\u0131 ve 12 Filistinliyi tutuklad\u0131\u011f\u0131n\u0131 belirtti. Telegram Kanal\u0131m\u0131z\u00a0 Facebook Sayfam\u0131z Twitter Hesab\u0131m\u0131z<\/p>\n","protected":false},"author":39,"featured_media":287122,"comment_status":"closed","ping_status":"closed","sticky":false,"template":"","format":"standard","meta":{"footnotes":""},"categories":[458,459,17988],"tags":[38467,39494,38669],"class_list":["post-287121","post","type-post","status-publish","format-standard","has-post-thumbnail","","category-dunya1","category-haberler-arap-uluslararasi-politika","category-son-haberler","tag-bati-seria","tag-bati-seriada-12-filistinliyi-tutukladi","tag-israil-isgal-gucleri"],"_links":{"self":[{"href":"https:\/\/archive.sana.sy\/tr\/index.php?rest_route=\/wp\/v2\/posts\/287121","targetHints":{"allow":["GET"]}}],"collection":[{"href":"https:\/\/archive.sana.sy\/tr\/index.php?rest_route=\/wp\/v2\/posts"}],"about":[{"href":"https:\/\/archive.sana.sy\/tr\/index.php?rest_route=\/wp\/v2\/types\/post"}],"author":[{"embeddable":true,"href":"https:\/\/archive.sana.sy\/tr\/index.php?rest_route=\/wp\/v2\/users\/39"}],"replies":[{"embeddable":true,"href":"https:\/\/archive.sana.sy\/tr\/index.php?rest_route=%2Fwp%2Fv2%2Fcomments&post=287121"}],"version-history":[{"count":1,"href":"https:\/\/archive.sana.sy\/tr\/index.php?rest_route=\/wp\/v2\/posts\/287121\/revisions"}],"predecessor-version":[{"id":287123,"href":"https:\/\/archive.sana.sy\/tr\/index.php?rest_route=\/wp\/v2\/posts\/287121\/revisions\/287123"}],"wp:featuredmedia":[{"embeddable":true,"href":"https:\/\/archive.sana.sy\/tr\/index.php?rest_route=\/wp\/v2\/media\/287122"}],"wp:attachment":[{"href":"https:\/\/archive.sana.sy\/tr\/index.php?rest_route=%2Fwp%2Fv2%2Fmedia&parent=287121"}],"wp:term":[{"taxonomy":"category","embeddable":true,"href":"https:\/\/archive.sana.sy\/tr\/index.php?rest_route=%2Fwp%2Fv2%2Fcategories&post=287121"},{"taxonomy":"post_tag","embeddable":true,"href":"https:\/\/archive.sana.sy\/tr\/index.php?rest_route=%2Fwp%2Fv2%2Ftags&post=287121"}],"curies":[{"name":"wp","href":"https:\/\/api.w.org\/{rel}","templated":true}]}}