{"id":287124,"date":"2023-08-29T10:01:45","date_gmt":"2023-08-29T07:01:45","guid":{"rendered":"https:\/\/sana.sy\/tr\/?p=287124"},"modified":"2023-08-30T08:10:41","modified_gmt":"2023-08-30T05:10:41","slug":"rus-savunmasi-ukrayna-rejiminin-tula-ve-belgoroda-duzenledigi-teror-saldirisini-engelledi","status":"publish","type":"post","link":"https:\/\/archive.sana.sy\/tr\/?p=287124","title":{"rendered":"Rus Savunmas\u0131: Ukrayna Rejiminin Tula Ve Belgorod&#8217;a D\u00fczenledi\u011fi Ter\u00f6r Sald\u0131r\u0131s\u0131n\u0131 Engelledi"},"content":{"rendered":"<p style=\"text-align: justify;\"><strong>MOSKOVA 29 A\u011fustos (SANA) \u2013 <\/strong>Rusya Savunma Bakanl\u0131\u011f\u0131, Kiev rejiminin ba\u015fkent Moskova&#8217;n\u0131n g\u00fcneyindeki Tula b\u00f6lgesi ve s\u0131n\u0131r b\u00f6lgesi Belgorod&#8217;a y\u00f6nelik insans\u0131z hava ara\u00e7lar\u0131yla d\u00fczenledi\u011fi ter\u00f6r sald\u0131r\u0131lar\u0131n\u0131 engelledi\u011fini ilan etti.<\/p>\n<p style=\"text-align: justify;\">(RT) internet sitesinde bakanl\u0131ktan bug\u00fcn yap\u0131lan a\u00e7\u0131klamada, &#8220;Kiev rejiminin Rusya topraklar\u0131ndaki hedeflere iki insans\u0131z hava arac\u0131yla ter\u00f6r sald\u0131r\u0131s\u0131 d\u00fczenleme giri\u015fimi engellendi&#8221;\u00a0 ifadelere yer verilerek,\u00a0 hava savunmas\u0131n\u0131n Tula eyaleti topraklar\u0131 \u00fczerindeki iki \u0130HA&#8217;\u0131 imha etti\u011fi belirtildi.<\/p>\n<p><a href=\"https:\/\/t.me\/SuriyeArapHaberAjansI\">Telegram Kanal\u0131m\u0131z\u00a0<\/a><\/p>\n<p><a href=\"https:\/\/www.facebook.com\/SANAHaberAjansi\/\">Facebook Sayfam\u0131z<\/a><\/p>\n<p><a href=\"https:\/\/twitter.com\/arap_ajans\">Twitter Hesab\u0131m\u0131z<\/a><\/p>\n","protected":false},"excerpt":{"rendered":"<p>MOSKOVA 29 A\u011fustos (SANA) \u2013 Rusya Savunma Bakanl\u0131\u011f\u0131, Kiev rejiminin ba\u015fkent Moskova&#8217;n\u0131n g\u00fcneyindeki Tula b\u00f6lgesi ve s\u0131n\u0131r b\u00f6lgesi Belgorod&#8217;a y\u00f6nelik insans\u0131z hava ara\u00e7lar\u0131yla d\u00fczenledi\u011fi ter\u00f6r sald\u0131r\u0131lar\u0131n\u0131 engelledi\u011fini ilan etti. (RT) internet sitesinde bakanl\u0131ktan bug\u00fcn yap\u0131lan a\u00e7\u0131klamada, &#8220;Kiev rejiminin Rusya topraklar\u0131ndaki hedeflere iki insans\u0131z hava arac\u0131yla ter\u00f6r sald\u0131r\u0131s\u0131 d\u00fczenleme giri\u015fimi engellendi&#8221;\u00a0 ifadelere yer verilerek,\u00a0 hava savunmas\u0131n\u0131n &hellip;<\/p>\n","protected":false},"author":39,"featured_media":287125,"comment_status":"closed","ping_status":"closed","sticky":false,"template":"","format":"standard","meta":{"footnotes":""},"categories":[458,459,17988],"tags":[39006,39493],"class_list":["post-287124","post","type-post","status-publish","format-standard","has-post-thumbnail","","category-dunya1","category-haberler-arap-uluslararasi-politika","category-son-haberler","tag-kiev-rejimi","tag-rus-savunmasi-ukrayna-rejiminin-tula-ve-belgoroda-duzenledigi-teror-saldirisini-engelledi"],"_links":{"self":[{"href":"https:\/\/archive.sana.sy\/tr\/index.php?rest_route=\/wp\/v2\/posts\/287124","targetHints":{"allow":["GET"]}}],"collection":[{"href":"https:\/\/archive.sana.sy\/tr\/index.php?rest_route=\/wp\/v2\/posts"}],"about":[{"href":"https:\/\/archive.sana.sy\/tr\/index.php?rest_route=\/wp\/v2\/types\/post"}],"author":[{"embeddable":true,"href":"https:\/\/archive.sana.sy\/tr\/index.php?rest_route=\/wp\/v2\/users\/39"}],"replies":[{"embeddable":true,"href":"https:\/\/archive.sana.sy\/tr\/index.php?rest_route=%2Fwp%2Fv2%2Fcomments&post=287124"}],"version-history":[{"count":5,"href":"https:\/\/archive.sana.sy\/tr\/index.php?rest_route=\/wp\/v2\/posts\/287124\/revisions"}],"predecessor-version":[{"id":287133,"href":"https:\/\/archive.sana.sy\/tr\/index.php?rest_route=\/wp\/v2\/posts\/287124\/revisions\/287133"}],"wp:featuredmedia":[{"embeddable":true,"href":"https:\/\/archive.sana.sy\/tr\/index.php?rest_route=\/wp\/v2\/media\/287125"}],"wp:attachment":[{"href":"https:\/\/archive.sana.sy\/tr\/index.php?rest_route=%2Fwp%2Fv2%2Fmedia&parent=287124"}],"wp:term":[{"taxonomy":"category","embeddable":true,"href":"https:\/\/archive.sana.sy\/tr\/index.php?rest_route=%2Fwp%2Fv2%2Fcategories&post=287124"},{"taxonomy":"post_tag","embeddable":true,"href":"https:\/\/archive.sana.sy\/tr\/index.php?rest_route=%2Fwp%2Fv2%2Ftags&post=287124"}],"curies":[{"name":"wp","href":"https:\/\/api.w.org\/{rel}","templated":true}]}}