{"id":287134,"date":"2023-08-29T08:21:48","date_gmt":"2023-08-29T05:21:48","guid":{"rendered":"https:\/\/sana.sy\/tr\/?p=287134"},"modified":"2023-08-30T08:10:07","modified_gmt":"2023-08-30T05:10:07","slug":"peskov-putinin-scholz-ve-macronla-gorusmelerine-iliskin-bild-gazetesinin-haberlerini-teyit-etti","status":"publish","type":"post","link":"https:\/\/archive.sana.sy\/tr\/?p=287134","title":{"rendered":"Peskov, Putin&#8217;in Scholz ve Macron&#8217;la G\u00f6r\u00fc\u015fmelerine \u0130li\u015fkin &#8220;Bild&#8221; Gazetesinin Haberlerini Teyit Etti"},"content":{"rendered":"<p style=\"text-align: justify;\"><strong>MOSKOVA 29 A\u011fustos (SANA)<\/strong> &#8211; Kremlin s\u00f6zc\u00fcs\u00fc Dmitry Peskov, Rusya Devlet Ba\u015fkan\u0131 Vladimir Putin&#8217;in, yapt\u0131r\u0131m uygulayan \u00fclkelerin liderleriyle yapt\u0131\u011f\u0131 temaslarda yapt\u0131r\u0131m konusunu hi\u00e7bir zaman g\u00fcndeme getirmedi\u011fini vurgulad\u0131.<\/p>\n<p style=\"text-align: justify;\">Ve &#8220;Bild&#8221; gazetesi daha \u00f6nce Almanya Ba\u015fbakan\u0131 Olaf Scholz ile Fransa Cumhurba\u015fkan\u0131 Emmanuel Macron aras\u0131ndaki bir g\u00f6r\u00fc\u015fmenin ayr\u0131nt\u0131lar\u0131n\u0131 yay\u0131nlam\u0131\u015ft\u0131; burada Putin&#8217;in her biriyle yapt\u0131\u011f\u0131 telefon g\u00f6r\u00fc\u015fmeleri s\u0131ras\u0131nda yapt\u0131r\u0131mlar konusunu g\u00fcndeme getirmemesine \u015fa\u015f\u0131rd\u0131klar\u0131n\u0131 ifade etmi\u015flerdi.<\/p>\n<p style=\"text-align: justify;\">Peskov Sal\u0131 g\u00fcn\u00fc gazetecilere, \u2018\u2019B\u0131rak\u0131n Frans\u0131zlar ve Almanlar bu yaz\u0131y\u0131 kendileri tart\u0131\u015fs\u0131nlar. Kendi ad\u0131ma, Ba\u015fkan Putin&#8217;in bu yapt\u0131r\u0131mlar\u0131 uygulayan \u00fclkelerin liderleriyle yapt\u0131\u011f\u0131 temaslarda yapt\u0131r\u0131mlar konusuna hi\u00e7 de\u011finmedi\u011fini do\u011frulayabilirim\u2019\u2019 dedi.<\/p>\n<p style=\"text-align: justify;\">Peskov ayr\u0131ca, \u2018\u2019\u015eimdi Ba\u015fkan&#8217;\u0131n (Putin&#8217;in) do\u011frulu\u011funun s\u00f6zl\u00fc olarak onayland\u0131\u011f\u0131n\u0131 g\u00f6rm\u00fcyoruz, ancak fiili olarak onayland\u0131\u011f\u0131n\u0131 g\u00f6r\u00fcyoruz&#8221; dedi.Bu, Rusya ekonomisinin b\u00fcy\u00fcmesi ve geni\u015flemesine ili\u015fkin verilerde ve D\u00fcnya Bankas\u0131&#8217;n\u0131n Rusya&#8217;n\u0131n \u00f6nde gelen ekonomiler kul\u00fcb\u00fcne kat\u0131l\u0131m\u0131na ili\u015fkin verilerinde temsil edilmektedir\u2019\u2019 ifadelerini s\u00f6zlerine ekledi.<\/p>\n<p style=\"text-align: justify;\"><a href=\"https:\/\/t.me\/SuriyeArapHaberAjansI\">Telegram Kanal\u0131m\u0131z\u00a0<\/a><\/p>\n<p style=\"text-align: justify;\"><a href=\"https:\/\/www.facebook.com\/SANAHaberAjansi\/\">Facebook Sayfam\u0131z<\/a><\/p>\n<p style=\"text-align: justify;\"><a href=\"https:\/\/twitter.com\/arap_ajans\">Twitter Hesab\u0131m\u0131z<\/a><\/p>\n<p style=\"text-align: justify;\">\n","protected":false},"excerpt":{"rendered":"<p>MOSKOVA 29 A\u011fustos (SANA) &#8211; Kremlin s\u00f6zc\u00fcs\u00fc Dmitry Peskov, Rusya Devlet Ba\u015fkan\u0131 Vladimir Putin&#8217;in, yapt\u0131r\u0131m uygulayan \u00fclkelerin liderleriyle yapt\u0131\u011f\u0131 temaslarda yapt\u0131r\u0131m konusunu hi\u00e7bir zaman g\u00fcndeme getirmedi\u011fini vurgulad\u0131. Ve &#8220;Bild&#8221; gazetesi daha \u00f6nce Almanya Ba\u015fbakan\u0131 Olaf Scholz ile Fransa Cumhurba\u015fkan\u0131 Emmanuel Macron aras\u0131ndaki bir g\u00f6r\u00fc\u015fmenin ayr\u0131nt\u0131lar\u0131n\u0131 yay\u0131nlam\u0131\u015ft\u0131; burada Putin&#8217;in her biriyle yapt\u0131\u011f\u0131 telefon g\u00f6r\u00fc\u015fmeleri s\u0131ras\u0131nda yapt\u0131r\u0131mlar &hellip;<\/p>\n","protected":false},"author":41,"featured_media":287135,"comment_status":"closed","ping_status":"closed","sticky":false,"template":"","format":"standard","meta":{"footnotes":""},"categories":[458,459,17988],"tags":[39496,23957,39495],"class_list":["post-287134","post","type-post","status-publish","format-standard","has-post-thumbnail","","category-dunya1","category-haberler-arap-uluslararasi-politika","category-son-haberler","tag-bild-gazetesi","tag-peskov","tag-putinin-scholz-ve-macronla-gorusmelerine-liskin-bild-gazetesinin-haberlerini-teyit-etti"],"_links":{"self":[{"href":"https:\/\/archive.sana.sy\/tr\/index.php?rest_route=\/wp\/v2\/posts\/287134","targetHints":{"allow":["GET"]}}],"collection":[{"href":"https:\/\/archive.sana.sy\/tr\/index.php?rest_route=\/wp\/v2\/posts"}],"about":[{"href":"https:\/\/archive.sana.sy\/tr\/index.php?rest_route=\/wp\/v2\/types\/post"}],"author":[{"embeddable":true,"href":"https:\/\/archive.sana.sy\/tr\/index.php?rest_route=\/wp\/v2\/users\/41"}],"replies":[{"embeddable":true,"href":"https:\/\/archive.sana.sy\/tr\/index.php?rest_route=%2Fwp%2Fv2%2Fcomments&post=287134"}],"version-history":[{"count":1,"href":"https:\/\/archive.sana.sy\/tr\/index.php?rest_route=\/wp\/v2\/posts\/287134\/revisions"}],"predecessor-version":[{"id":287136,"href":"https:\/\/archive.sana.sy\/tr\/index.php?rest_route=\/wp\/v2\/posts\/287134\/revisions\/287136"}],"wp:featuredmedia":[{"embeddable":true,"href":"https:\/\/archive.sana.sy\/tr\/index.php?rest_route=\/wp\/v2\/media\/287135"}],"wp:attachment":[{"href":"https:\/\/archive.sana.sy\/tr\/index.php?rest_route=%2Fwp%2Fv2%2Fmedia&parent=287134"}],"wp:term":[{"taxonomy":"category","embeddable":true,"href":"https:\/\/archive.sana.sy\/tr\/index.php?rest_route=%2Fwp%2Fv2%2Fcategories&post=287134"},{"taxonomy":"post_tag","embeddable":true,"href":"https:\/\/archive.sana.sy\/tr\/index.php?rest_route=%2Fwp%2Fv2%2Ftags&post=287134"}],"curies":[{"name":"wp","href":"https:\/\/api.w.org\/{rel}","templated":true}]}}