{"id":287140,"date":"2023-08-29T09:08:34","date_gmt":"2023-08-29T06:08:34","guid":{"rendered":"https:\/\/sana.sy\/tr\/?p=287140"},"modified":"2023-08-30T08:10:11","modified_gmt":"2023-08-30T05:10:11","slug":"ozel-spor-dalinda-suriye-milli-takimi-oyuncusu-asya-turnuvasina-katilmaya-hak-kazandi","status":"publish","type":"post","link":"https:\/\/archive.sana.sy\/tr\/?p=287140","title":{"rendered":"\u00d6zel Spor Dal\u0131nda Suriye Milli Tak\u0131m\u0131 Oyuncusu Asya Turnuvas\u0131na Kat\u0131lmaya Hak Kazand\u0131"},"content":{"rendered":"<p style=\"text-align: justify;\"><strong>ABU DAB\u0130 29 A\u011fustos (SANA)<\/strong> &#8211; \u00d6zel spor dallar\u0131nda Suriye milli tak\u0131m\u0131 oyuncusu olan \u015eadi \u0130sa, \u015fu anda Dubai&#8217;de d\u00fczenlenen D\u00fcnya Paralimpik Halter \u015eampiyonas\u0131&#8217;n\u0131 d\u00f6rd\u00fcnc\u00fc bitirdikten sonra \u00f6n\u00fcm\u00fczdeki ay \u00c7in&#8217;in Hangzhou \u015fehrinde d\u00fczenlenecek Asya Oyunlar\u0131&#8217;na kat\u0131lmaya hak kazand\u0131.<\/p>\n<p style=\"text-align: justify;\">\u0130sa, Dubai&#8217;de d\u00fczenlenen D\u00fcnya \u015eampiyonas\u0131&#8217;nda toplam kald\u0131rmada d\u00f6rd\u00fcnc\u00fc olurken, 181 kg kald\u0131rmayla genel s\u0131ralamada yedinci s\u0131rada yer ald\u0131.<\/p>\n<p style=\"text-align: justify;\"><a href=\"https:\/\/t.me\/SuriyeArapHaberAjansI\">Telegram Kanal\u0131m\u0131z\u00a0<\/a><\/p>\n<p style=\"text-align: justify;\"><a href=\"https:\/\/www.facebook.com\/SANAHaberAjansi\/\">Facebook Sayfam\u0131z<\/a><\/p>\n<p style=\"text-align: justify;\"><a href=\"https:\/\/twitter.com\/arap_ajans\">Twitter Hesab\u0131m\u0131z<\/a><\/p>\n","protected":false},"excerpt":{"rendered":"<p>ABU DAB\u0130 29 A\u011fustos (SANA) &#8211; \u00d6zel spor dallar\u0131nda Suriye milli tak\u0131m\u0131 oyuncusu olan \u015eadi \u0130sa, \u015fu anda Dubai&#8217;de d\u00fczenlenen D\u00fcnya Paralimpik Halter \u015eampiyonas\u0131&#8217;n\u0131 d\u00f6rd\u00fcnc\u00fc bitirdikten sonra \u00f6n\u00fcm\u00fczdeki ay \u00c7in&#8217;in Hangzhou \u015fehrinde d\u00fczenlenecek Asya Oyunlar\u0131&#8217;na kat\u0131lmaya hak kazand\u0131. \u0130sa, Dubai&#8217;de d\u00fczenlenen D\u00fcnya \u015eampiyonas\u0131&#8217;nda toplam kald\u0131rmada d\u00f6rd\u00fcnc\u00fc olurken, 181 kg kald\u0131rmayla genel s\u0131ralamada yedinci s\u0131rada yer &hellip;<\/p>\n","protected":false},"author":41,"featured_media":287141,"comment_status":"closed","ping_status":"closed","sticky":false,"template":"","format":"standard","meta":{"footnotes":""},"categories":[458,498,459,17988,496],"tags":[39500,39501],"class_list":["post-287140","post","type-post","status-publish","format-standard","has-post-thumbnail","","category-dunya1","category-dunya-turnuvalari","category-haberler-arap-uluslararasi-politika","category-son-haberler","category-spor","tag-ozel-spor-dalinda-suriye-milli-takimi-oyuncusu-asya-turnuvasina-katilmaya-hak-kazandi","tag-unya-paralimpik-halter-sampiyonasi"],"_links":{"self":[{"href":"https:\/\/archive.sana.sy\/tr\/index.php?rest_route=\/wp\/v2\/posts\/287140","targetHints":{"allow":["GET"]}}],"collection":[{"href":"https:\/\/archive.sana.sy\/tr\/index.php?rest_route=\/wp\/v2\/posts"}],"about":[{"href":"https:\/\/archive.sana.sy\/tr\/index.php?rest_route=\/wp\/v2\/types\/post"}],"author":[{"embeddable":true,"href":"https:\/\/archive.sana.sy\/tr\/index.php?rest_route=\/wp\/v2\/users\/41"}],"replies":[{"embeddable":true,"href":"https:\/\/archive.sana.sy\/tr\/index.php?rest_route=%2Fwp%2Fv2%2Fcomments&post=287140"}],"version-history":[{"count":3,"href":"https:\/\/archive.sana.sy\/tr\/index.php?rest_route=\/wp\/v2\/posts\/287140\/revisions"}],"predecessor-version":[{"id":287144,"href":"https:\/\/archive.sana.sy\/tr\/index.php?rest_route=\/wp\/v2\/posts\/287140\/revisions\/287144"}],"wp:featuredmedia":[{"embeddable":true,"href":"https:\/\/archive.sana.sy\/tr\/index.php?rest_route=\/wp\/v2\/media\/287141"}],"wp:attachment":[{"href":"https:\/\/archive.sana.sy\/tr\/index.php?rest_route=%2Fwp%2Fv2%2Fmedia&parent=287140"}],"wp:term":[{"taxonomy":"category","embeddable":true,"href":"https:\/\/archive.sana.sy\/tr\/index.php?rest_route=%2Fwp%2Fv2%2Fcategories&post=287140"},{"taxonomy":"post_tag","embeddable":true,"href":"https:\/\/archive.sana.sy\/tr\/index.php?rest_route=%2Fwp%2Fv2%2Ftags&post=287140"}],"curies":[{"name":"wp","href":"https:\/\/api.w.org\/{rel}","templated":true}]}}