{"id":28715,"date":"2015-04-06T11:29:17","date_gmt":"2015-04-06T08:29:17","guid":{"rendered":"http:\/\/www.sana.sy\/tr\/?p=28715"},"modified":"2015-04-06T11:29:17","modified_gmt":"2015-04-06T08:29:17","slug":"askeri-kaynak-ordu-birliklerimizin-kunaytra-kirsali-neb-el-sahr-koyu-bulvarinda-nusra-cephesi-teroristlerine-ait-bazi-araclari-imha-ettiklerini-soyledi","status":"publish","type":"post","link":"https:\/\/archive.sana.sy\/tr\/?p=28715","title":{"rendered":"Askeri kaynak , ordu birliklerimizin Kunaytra k\u0131rsal\u0131 Neb\u2019 el Sahr K\u00f6y\u00fc bulvar\u0131nda Nusra Cephesi ter\u00f6ristlerine ait baz\u0131 ara\u00e7lar\u0131 imha ettiklerini s\u00f6yledi."},"content":{"rendered":"<p>Askeri kaynak , ordu birliklerimizin Kunaytra k\u0131rsal\u0131 Neb\u2019 el Sahr K\u00f6y\u00fc bulvar\u0131nda Nusra Cephesi ter\u00f6ristlerine ait baz\u0131 ara\u00e7lar\u0131 imha ettiklerini s\u00f6yledi.<\/p>\n","protected":false},"excerpt":{"rendered":"<p>Askeri kaynak , ordu birliklerimizin Kunaytra k\u0131rsal\u0131 Neb\u2019 el Sahr K\u00f6y\u00fc bulvar\u0131nda Nusra Cephesi ter\u00f6ristlerine ait baz\u0131 ara\u00e7lar\u0131 imha ettiklerini s\u00f6yledi.<\/p>\n","protected":false},"author":1,"featured_media":0,"comment_status":"closed","ping_status":"closed","sticky":false,"template":"","format":"standard","meta":{"footnotes":""},"categories":[1],"tags":[1031,13291],"class_list":["post-28715","post","type-post","status-publish","format-standard","","category-news-not-sorted","tag-askeri-kaynak","tag-ordu-birliklerimizin-kunaytra-kirsali-neb-el-sahr-koyu-bulvarinda-nusra-cephesi-teroristlerine-ait-bazi-araclari-imha-ettiklerini-soyledi"],"_links":{"self":[{"href":"https:\/\/archive.sana.sy\/tr\/index.php?rest_route=\/wp\/v2\/posts\/28715","targetHints":{"allow":["GET"]}}],"collection":[{"href":"https:\/\/archive.sana.sy\/tr\/index.php?rest_route=\/wp\/v2\/posts"}],"about":[{"href":"https:\/\/archive.sana.sy\/tr\/index.php?rest_route=\/wp\/v2\/types\/post"}],"author":[{"embeddable":true,"href":"https:\/\/archive.sana.sy\/tr\/index.php?rest_route=\/wp\/v2\/users\/1"}],"replies":[{"embeddable":true,"href":"https:\/\/archive.sana.sy\/tr\/index.php?rest_route=%2Fwp%2Fv2%2Fcomments&post=28715"}],"version-history":[{"count":0,"href":"https:\/\/archive.sana.sy\/tr\/index.php?rest_route=\/wp\/v2\/posts\/28715\/revisions"}],"wp:attachment":[{"href":"https:\/\/archive.sana.sy\/tr\/index.php?rest_route=%2Fwp%2Fv2%2Fmedia&parent=28715"}],"wp:term":[{"taxonomy":"category","embeddable":true,"href":"https:\/\/archive.sana.sy\/tr\/index.php?rest_route=%2Fwp%2Fv2%2Fcategories&post=28715"},{"taxonomy":"post_tag","embeddable":true,"href":"https:\/\/archive.sana.sy\/tr\/index.php?rest_route=%2Fwp%2Fv2%2Ftags&post=28715"}],"curies":[{"name":"wp","href":"https:\/\/api.w.org\/{rel}","templated":true}]}}