{"id":287154,"date":"2023-08-29T10:00:15","date_gmt":"2023-08-29T07:00:15","guid":{"rendered":"https:\/\/sana.sy\/tr\/?p=287154"},"modified":"2023-08-30T08:10:38","modified_gmt":"2023-08-30T05:10:38","slug":"yunanistan-avrupa-birligindeki-en-buyuk-orman-yanginini-yasiyor","status":"publish","type":"post","link":"https:\/\/archive.sana.sy\/tr\/?p=287154","title":{"rendered":"Yunanistan Avrupa Birli\u011fi&#8217;ndeki En B\u00fcy\u00fck Orman Yang\u0131n\u0131n\u0131 Ya\u015f\u0131yor"},"content":{"rendered":"<p style=\"text-align: justify;\"><strong>BR\u00dcKSEL 29 A\u011fustos (SANA)<\/strong> &#8211; Avrupa Komisyonu bug\u00fcn Yunanistan&#8217;daki yang\u0131n\u0131n Avrupa Birli\u011fi&#8217;nde \u015fimdiye kadar kaydedilen en b\u00fcy\u00fck orman yang\u0131n\u0131 oldu\u011funu duyurdu.<\/p>\n<p style=\"text-align: justify;\"><img loading=\"lazy\" decoding=\"async\" class=\" wp-image-287159 alignright\" src=\"http:\/\/sana.sy\/tr\/wp-content\/uploads\/2023\/08\/Untitled-1-copy-269-660x330-1.jpg\" alt=\"\" width=\"344\" height=\"172\" srcset=\"https:\/\/archive.sana.sy\/tr\/wp-content\/uploads\/2023\/08\/Untitled-1-copy-269-660x330-1.jpg 660w, https:\/\/archive.sana.sy\/tr\/wp-content\/uploads\/2023\/08\/Untitled-1-copy-269-660x330-1-300x150.jpg 300w\" sizes=\"auto, (max-width: 344px) 100vw, 344px\" \/>AFP komisyonunun, \u2018\u2019Yunanistan, Avrupa Birli\u011fi&#8217;nde kaydedilen en b\u00fcy\u00fck orman yang\u0131n\u0131n\u0131 ya\u015f\u0131yor\u2019\u2019 diyerek, Birli\u011fin \u00fcye devletlerinin \u015fu anda ortak hava filosunun yakla\u015f\u0131k yar\u0131s\u0131n\u0131 bununla m\u00fccadele etmek i\u00e7in seferber etti\u011fine dikkat \u00e7ekti\u011fini aktard\u0131.<\/p>\n<p style=\"text-align: justify;\">Avrupa Komisyonu ayr\u0131ca, \u2018\u2019Avrupa filosundan 11 u\u00e7ak ve helikopterin yan\u0131 s\u0131ra 407 itfaiyeci, Dedea\u011fa\u00e7&#8217;\u0131n kuzeyindeki Dadia Milli Park\u0131&#8217;nda \u00e7\u0131kan yang\u0131nla m\u00fccadelede Yunanistan&#8217;a yard\u0131m etmek \u00fczere yola \u00e7\u0131kt\u0131\u2019\u2019 dedi.<\/p>\n<p style=\"text-align: justify;\">Buna kar\u015f\u0131l\u0131k Yunan itfaiye te\u015fkilat\u0131, \u2018\u2019Nadir y\u0131rt\u0131c\u0131 ku\u015f t\u00fcrlerinin bar\u0131na\u011f\u0131 olan koruma alan\u0131ndaki yang\u0131n h\u00e2l\u00e2 kontrolden \u00e7\u0131km\u0131\u015f durumda ve yakla\u015f\u0131k 10 kilometre boyunca uzanan cepheyi kas\u0131p kavuruyor\u2019\u2019 dedi.<\/p>\n<p style=\"text-align: justify;\"><a href=\"https:\/\/t.me\/SuriyeArapHaberAjansI\">Telegram Kanal\u0131m\u0131z\u00a0<\/a><\/p>\n<p style=\"text-align: justify;\"><a href=\"https:\/\/www.facebook.com\/SANAHaberAjansi\/\">Facebook Sayfam\u0131z<\/a><\/p>\n<p style=\"text-align: justify;\"><a href=\"https:\/\/twitter.com\/arap_ajans\">Twitter Hesab\u0131m\u0131z<\/a><\/p>\n","protected":false},"excerpt":{"rendered":"<p>BR\u00dcKSEL 29 A\u011fustos (SANA) &#8211; Avrupa Komisyonu bug\u00fcn Yunanistan&#8217;daki yang\u0131n\u0131n Avrupa Birli\u011fi&#8217;nde \u015fimdiye kadar kaydedilen en b\u00fcy\u00fck orman yang\u0131n\u0131 oldu\u011funu duyurdu. AFP komisyonunun, \u2018\u2019Yunanistan, Avrupa Birli\u011fi&#8217;nde kaydedilen en b\u00fcy\u00fck orman yang\u0131n\u0131n\u0131 ya\u015f\u0131yor\u2019\u2019 diyerek, Birli\u011fin \u00fcye devletlerinin \u015fu anda ortak hava filosunun yakla\u015f\u0131k yar\u0131s\u0131n\u0131 bununla m\u00fccadele etmek i\u00e7in seferber etti\u011fine dikkat \u00e7ekti\u011fini aktard\u0131. Avrupa Komisyonu ayr\u0131ca, &hellip;<\/p>\n","protected":false},"author":41,"featured_media":287155,"comment_status":"closed","ping_status":"closed","sticky":false,"template":"","format":"standard","meta":{"footnotes":""},"categories":[458,459,17988],"tags":[39505,39506],"class_list":["post-287154","post","type-post","status-publish","format-standard","has-post-thumbnail","","category-dunya1","category-haberler-arap-uluslararasi-politika","category-son-haberler","tag-yunanistan-avrupa-birligindeki-en-buyuk-orman-yanginini-yasiyor","tag-yunanistannin-yanginlari"],"_links":{"self":[{"href":"https:\/\/archive.sana.sy\/tr\/index.php?rest_route=\/wp\/v2\/posts\/287154","targetHints":{"allow":["GET"]}}],"collection":[{"href":"https:\/\/archive.sana.sy\/tr\/index.php?rest_route=\/wp\/v2\/posts"}],"about":[{"href":"https:\/\/archive.sana.sy\/tr\/index.php?rest_route=\/wp\/v2\/types\/post"}],"author":[{"embeddable":true,"href":"https:\/\/archive.sana.sy\/tr\/index.php?rest_route=\/wp\/v2\/users\/41"}],"replies":[{"embeddable":true,"href":"https:\/\/archive.sana.sy\/tr\/index.php?rest_route=%2Fwp%2Fv2%2Fcomments&post=287154"}],"version-history":[{"count":3,"href":"https:\/\/archive.sana.sy\/tr\/index.php?rest_route=\/wp\/v2\/posts\/287154\/revisions"}],"predecessor-version":[{"id":287160,"href":"https:\/\/archive.sana.sy\/tr\/index.php?rest_route=\/wp\/v2\/posts\/287154\/revisions\/287160"}],"wp:featuredmedia":[{"embeddable":true,"href":"https:\/\/archive.sana.sy\/tr\/index.php?rest_route=\/wp\/v2\/media\/287155"}],"wp:attachment":[{"href":"https:\/\/archive.sana.sy\/tr\/index.php?rest_route=%2Fwp%2Fv2%2Fmedia&parent=287154"}],"wp:term":[{"taxonomy":"category","embeddable":true,"href":"https:\/\/archive.sana.sy\/tr\/index.php?rest_route=%2Fwp%2Fv2%2Fcategories&post=287154"},{"taxonomy":"post_tag","embeddable":true,"href":"https:\/\/archive.sana.sy\/tr\/index.php?rest_route=%2Fwp%2Fv2%2Ftags&post=287154"}],"curies":[{"name":"wp","href":"https:\/\/api.w.org\/{rel}","templated":true}]}}