{"id":287163,"date":"2023-08-29T23:48:09","date_gmt":"2023-08-29T20:48:09","guid":{"rendered":"https:\/\/sana.sy\/tr\/?p=287163"},"modified":"2023-08-31T08:24:09","modified_gmt":"2023-08-31T05:24:09","slug":"ulastirma-bakanligi-halep-uluslararasi-havalimaninda-ulasim-hareketi-bugunden-itibaren-yeniden-baslayacak","status":"publish","type":"post","link":"https:\/\/archive.sana.sy\/tr\/?p=287163","title":{"rendered":"Ula\u015ft\u0131rma Bakanl\u0131\u011f\u0131: Halep Uluslararas\u0131 Havaliman\u0131&#8217;nda Ula\u015f\u0131m Hareketi Bug\u00fcnden \u0130tibaren Yeniden Ba\u015flayacak"},"content":{"rendered":"<p style=\"text-align: justify;\"><strong>\u015eAM<\/strong> <strong>29\u00a0 A\u011fustos (SANA) <\/strong>\u2013 Ula\u015ft\u0131rma Bakanl\u0131\u011f\u0131 Sivil Havac\u0131l\u0131k Genel Te\u015fkilat\u0131, \u0130srail sald\u0131rganl\u0131\u011f\u0131n\u0131n yaratt\u0131\u011f\u0131 hasar\u0131n onar\u0131lmas\u0131n\u0131n ard\u0131ndan bug\u00fcn saat 12.00&#8217;den itibaren Halep Uluslararas\u0131 Havaliman\u0131 \u00fczerinden hava trafi\u011finin yeniden ba\u015flayaca\u011f\u0131n\u0131 ilan etti.<\/p>\n<p style=\"text-align: justify;\">Sivil Havac\u0131l\u0131k Genel Te\u015fkilat\u0131 Facebook hesab\u0131ndan yay\u0131nlad\u0131\u011f\u0131 a\u00e7\u0131klamada, d\u00fcn \u015fafak vakti havaliman\u0131n\u0131 hedef alan \u0130srail sald\u0131r\u0131s\u0131n\u0131n yol a\u00e7t\u0131\u011f\u0131 hasarlar\u0131n onar\u0131lmas\u0131yla birlikte havayollar\u0131n\u0131n u\u00e7u\u015flar\u0131n\u0131 planlayabileceklerini, randevular\u0131n\u0131 ayarlayabileceklerini ve yolculara her zamanki gibi hizmet verebileceklerini belirtti.<\/p>\n<p style=\"text-align: justify;\"><a href=\"https:\/\/t.me\/SuriyeArapHaberAjansI\">Telegram Kanal\u0131m\u0131z\u00a0<\/a><\/p>\n<p style=\"text-align: justify;\"><a href=\"https:\/\/www.facebook.com\/SANAHaberAjansi\/\">Facebook Sayfam\u0131z<\/a><\/p>\n<p style=\"text-align: justify;\"><a href=\"https:\/\/twitter.com\/arap_ajans\">Twitter Hesab\u0131m\u0131z<\/a><\/p>\n","protected":false},"excerpt":{"rendered":"<p>\u015eAM 29\u00a0 A\u011fustos (SANA) \u2013 Ula\u015ft\u0131rma Bakanl\u0131\u011f\u0131 Sivil Havac\u0131l\u0131k Genel Te\u015fkilat\u0131, \u0130srail sald\u0131rganl\u0131\u011f\u0131n\u0131n yaratt\u0131\u011f\u0131 hasar\u0131n onar\u0131lmas\u0131n\u0131n ard\u0131ndan bug\u00fcn saat 12.00&#8217;den itibaren Halep Uluslararas\u0131 Havaliman\u0131 \u00fczerinden hava trafi\u011finin yeniden ba\u015flayaca\u011f\u0131n\u0131 ilan etti. Sivil Havac\u0131l\u0131k Genel Te\u015fkilat\u0131 Facebook hesab\u0131ndan yay\u0131nlad\u0131\u011f\u0131 a\u00e7\u0131klamada, d\u00fcn \u015fafak vakti havaliman\u0131n\u0131 hedef alan \u0130srail sald\u0131r\u0131s\u0131n\u0131n yol a\u00e7t\u0131\u011f\u0131 hasarlar\u0131n onar\u0131lmas\u0131yla birlikte havayollar\u0131n\u0131n u\u00e7u\u015flar\u0131n\u0131 planlayabileceklerini, &hellip;<\/p>\n","protected":false},"author":36,"featured_media":287164,"comment_status":"closed","ping_status":"closed","sticky":false,"template":"","format":"standard","meta":{"footnotes":""},"categories":[479,17988,478],"tags":[],"class_list":["post-287163","post","type-post","status-publish","format-standard","has-post-thumbnail","","category-haberler-yerel","category-son-haberler","category-yerel"],"_links":{"self":[{"href":"https:\/\/archive.sana.sy\/tr\/index.php?rest_route=\/wp\/v2\/posts\/287163","targetHints":{"allow":["GET"]}}],"collection":[{"href":"https:\/\/archive.sana.sy\/tr\/index.php?rest_route=\/wp\/v2\/posts"}],"about":[{"href":"https:\/\/archive.sana.sy\/tr\/index.php?rest_route=\/wp\/v2\/types\/post"}],"author":[{"embeddable":true,"href":"https:\/\/archive.sana.sy\/tr\/index.php?rest_route=\/wp\/v2\/users\/36"}],"replies":[{"embeddable":true,"href":"https:\/\/archive.sana.sy\/tr\/index.php?rest_route=%2Fwp%2Fv2%2Fcomments&post=287163"}],"version-history":[{"count":2,"href":"https:\/\/archive.sana.sy\/tr\/index.php?rest_route=\/wp\/v2\/posts\/287163\/revisions"}],"predecessor-version":[{"id":287213,"href":"https:\/\/archive.sana.sy\/tr\/index.php?rest_route=\/wp\/v2\/posts\/287163\/revisions\/287213"}],"wp:featuredmedia":[{"embeddable":true,"href":"https:\/\/archive.sana.sy\/tr\/index.php?rest_route=\/wp\/v2\/media\/287164"}],"wp:attachment":[{"href":"https:\/\/archive.sana.sy\/tr\/index.php?rest_route=%2Fwp%2Fv2%2Fmedia&parent=287163"}],"wp:term":[{"taxonomy":"category","embeddable":true,"href":"https:\/\/archive.sana.sy\/tr\/index.php?rest_route=%2Fwp%2Fv2%2Fcategories&post=287163"},{"taxonomy":"post_tag","embeddable":true,"href":"https:\/\/archive.sana.sy\/tr\/index.php?rest_route=%2Fwp%2Fv2%2Ftags&post=287163"}],"curies":[{"name":"wp","href":"https:\/\/api.w.org\/{rel}","templated":true}]}}