{"id":287166,"date":"2023-08-30T08:51:55","date_gmt":"2023-08-30T05:51:55","guid":{"rendered":"https:\/\/sana.sy\/tr\/?p=287166"},"modified":"2023-08-31T08:24:15","modified_gmt":"2023-08-31T05:24:15","slug":"rus-ordusu-pskov-bolgesindeki-ukrayna-saldirisini-puskurttu","status":"publish","type":"post","link":"https:\/\/archive.sana.sy\/tr\/?p=287166","title":{"rendered":"Rus ordusu, Pskov B\u00f6lgesindeki Ukrayna sald\u0131r\u0131s\u0131n\u0131 P\u00fcsk\u00fcrtt\u00fc"},"content":{"rendered":"<p style=\"text-align: justify;\"><strong>MOSKOVA<\/strong> <strong>30 A\u011fustos (SANA) <\/strong>\u2013 Rus ordusu, Ukrayna&#8217;n\u0131n Rusya&#8217;n\u0131n Pskov eyaletindeki havaalan\u0131na insans\u0131z hava ara\u00e7lar\u0131yla d\u00fczenledi\u011fi sald\u0131r\u0131y\u0131 p\u00fcsk\u00fcrtt\u00fc.<\/p>\n<p style=\"text-align: justify;\">Pskov Valisi, Sputnik ajans\u0131n\u0131n haberine g\u00f6re yapt\u0131\u011f\u0131 a\u00e7\u0131klamada: &#8220;Pskov Havaliman\u0131&#8217;na d\u00fczenlenen sald\u0131r\u0131da herhangi bir can kayb\u0131 ya\u015fanmad\u0131\u201d deiyerek, sald\u0131r\u0131dan kaynaklanan hasar\u0131n boyutunun belirlenmesine y\u00f6nelik \u00e7al\u0131\u015fmalar\u0131n devam etti\u011fine i\u015faret etti.<\/p>\n<p style=\"text-align: justify;\"><a href=\"https:\/\/t.me\/SuriyeArapHaberAjansI\">Telegram Kanal\u0131m\u0131z\u00a0<\/a><\/p>\n<p style=\"text-align: justify;\"><a href=\"https:\/\/www.facebook.com\/SANAHaberAjansi\/\">Facebook Sayfam\u0131z<\/a><\/p>\n<p style=\"text-align: justify;\"><a href=\"https:\/\/twitter.com\/arap_ajans\">Twitter Hesab\u0131m\u0131z<\/a><\/p>\n","protected":false},"excerpt":{"rendered":"<p>MOSKOVA 30 A\u011fustos (SANA) \u2013 Rus ordusu, Ukrayna&#8217;n\u0131n Rusya&#8217;n\u0131n Pskov eyaletindeki havaalan\u0131na insans\u0131z hava ara\u00e7lar\u0131yla d\u00fczenledi\u011fi sald\u0131r\u0131y\u0131 p\u00fcsk\u00fcrtt\u00fc. Pskov Valisi, Sputnik ajans\u0131n\u0131n haberine g\u00f6re yapt\u0131\u011f\u0131 a\u00e7\u0131klamada: &#8220;Pskov Havaliman\u0131&#8217;na d\u00fczenlenen sald\u0131r\u0131da herhangi bir can kayb\u0131 ya\u015fanmad\u0131\u201d deiyerek, sald\u0131r\u0131dan kaynaklanan hasar\u0131n boyutunun belirlenmesine y\u00f6nelik \u00e7al\u0131\u015fmalar\u0131n devam etti\u011fine i\u015faret etti. Telegram Kanal\u0131m\u0131z\u00a0 Facebook Sayfam\u0131z Twitter Hesab\u0131m\u0131z<\/p>\n","protected":false},"author":36,"featured_media":287167,"comment_status":"closed","ping_status":"closed","sticky":false,"template":"","format":"standard","meta":{"footnotes":""},"categories":[458,459,17988],"tags":[],"class_list":["post-287166","post","type-post","status-publish","format-standard","has-post-thumbnail","","category-dunya1","category-haberler-arap-uluslararasi-politika","category-son-haberler"],"_links":{"self":[{"href":"https:\/\/archive.sana.sy\/tr\/index.php?rest_route=\/wp\/v2\/posts\/287166","targetHints":{"allow":["GET"]}}],"collection":[{"href":"https:\/\/archive.sana.sy\/tr\/index.php?rest_route=\/wp\/v2\/posts"}],"about":[{"href":"https:\/\/archive.sana.sy\/tr\/index.php?rest_route=\/wp\/v2\/types\/post"}],"author":[{"embeddable":true,"href":"https:\/\/archive.sana.sy\/tr\/index.php?rest_route=\/wp\/v2\/users\/36"}],"replies":[{"embeddable":true,"href":"https:\/\/archive.sana.sy\/tr\/index.php?rest_route=%2Fwp%2Fv2%2Fcomments&post=287166"}],"version-history":[{"count":2,"href":"https:\/\/archive.sana.sy\/tr\/index.php?rest_route=\/wp\/v2\/posts\/287166\/revisions"}],"predecessor-version":[{"id":287214,"href":"https:\/\/archive.sana.sy\/tr\/index.php?rest_route=\/wp\/v2\/posts\/287166\/revisions\/287214"}],"wp:featuredmedia":[{"embeddable":true,"href":"https:\/\/archive.sana.sy\/tr\/index.php?rest_route=\/wp\/v2\/media\/287167"}],"wp:attachment":[{"href":"https:\/\/archive.sana.sy\/tr\/index.php?rest_route=%2Fwp%2Fv2%2Fmedia&parent=287166"}],"wp:term":[{"taxonomy":"category","embeddable":true,"href":"https:\/\/archive.sana.sy\/tr\/index.php?rest_route=%2Fwp%2Fv2%2Fcategories&post=287166"},{"taxonomy":"post_tag","embeddable":true,"href":"https:\/\/archive.sana.sy\/tr\/index.php?rest_route=%2Fwp%2Fv2%2Ftags&post=287166"}],"curies":[{"name":"wp","href":"https:\/\/api.w.org\/{rel}","templated":true}]}}