{"id":287169,"date":"2023-08-29T22:22:25","date_gmt":"2023-08-29T19:22:25","guid":{"rendered":"https:\/\/sana.sy\/tr\/?p=287169"},"modified":"2023-08-31T08:24:01","modified_gmt":"2023-08-31T05:24:01","slug":"cumhurbaskani-esadin-himayesinde-deniz-harp-okulundan-yeni-bir-grup-ogrenci-mezun-edildi","status":"publish","type":"post","link":"https:\/\/archive.sana.sy\/tr\/?p=287169","title":{"rendered":"Cumhurba\u015fkan\u0131 Esad&#8217;\u0131n Himayesinde&#8230; Deniz Harp Okulu&#8217;ndan Yeni Bir Grup \u00d6\u011frenci\u00a0 Mezun Edildi"},"content":{"rendered":"<p style=\"text-align: justify;\"><strong>\u015eAM 29 A\u011fustos (SANA)<\/strong> &#8211; Cumhurba\u015fkan\u0131, Kara Kuvvetleri ve Silahl\u0131 Kuvvetler Ba\u015fkomutan\u0131 Korgeneral Be\u015f\u015far Esad&#8217;\u0131n himayelerinde, Deniz Kuvvetleri ve Sahil Savunma G\u00fcn\u00fc m\u00fcnasebetiyle bug\u00fcn Deniz Harp Okulu&#8217;na yeni kat\u0131lan \u00f6\u011frencilerin mezuniyeti kutland\u0131.<\/p>\n<p style=\"text-align: justify;\">T\u00f6rene, Cumhurba\u015fkan\u0131 ad\u0131na Kara Kuvvetleri ve Silahl\u0131 Kuvvetler Genelkurmay Ba\u015fkan\u0131 T\u00fcmgeneral Abd\u00fclkerim Mahmud \u0130brahim kat\u0131ld\u0131.<\/p>\n<p style=\"text-align: justify;\"><img loading=\"lazy\" decoding=\"async\" class=\"size-medium wp-image-287181 alignright\" src=\"http:\/\/sana.sy\/tr\/wp-content\/uploads\/2023\/08\/3-6-300x219.jpg\" alt=\"\" width=\"300\" height=\"219\" srcset=\"https:\/\/archive.sana.sy\/tr\/wp-content\/uploads\/2023\/08\/3-6-300x219.jpg 300w, https:\/\/archive.sana.sy\/tr\/wp-content\/uploads\/2023\/08\/3-6.jpg 660w\" sizes=\"auto, (max-width: 300px) 100vw, 300px\" \/>Genelkurmay Ba\u015fkan\u0131, \u00a0\u015feref k\u0131tas\u0131n\u0131 selamlad\u0131ktan sonra \u00fcst\u00fc a\u00e7\u0131k bir vagondan askeri g\u00f6steri t\u00f6renine kat\u0131lan \u00f6\u011frencilerin kurslar\u0131n\u0131 inceledi.<\/p>\n<p style=\"text-align: justify;\">T\u00f6ren, \u015fehitlerimizin ruhlar\u0131 an\u0131s\u0131na bir dakikal\u0131k sayg\u0131 duru\u015fuyla ba\u015flad\u0131, ard\u0131ndan Suriye Arap Cumhuriyeti \u0130stiklal Mar\u015f\u0131 \u00e7al\u0131nd\u0131 ve t\u00fcm kurslar\u0131n kat\u0131ld\u0131\u011f\u0131 askeri g\u00f6steri t\u00f6reni d\u00fczenlendi.<\/p>\n<p style=\"text-align: justify;\">T\u00f6renin sponsorunun temsilcisi Cumhurba\u015fkan\u0131 Korgeneral Be\u015f\u015far Esad&#8217;\u0131n tebriklerini ve mezun olan \u00f6\u011frencilere, turnuva alanlar\u0131nda kendilerini bekleyen g\u00f6rev ve g\u00f6revleri yerine getirmede ilerlemeye ve ba\u015far\u0131ya devam etmeleri dileklerini iletti\u011fi bir konu\u015fma yapt\u0131.<\/p>\n<p style=\"text-align: justify;\">T\u00fcmgeneral konu\u015fmas\u0131nda da, Suriye&#8217;nin bug\u00fcn kendine g\u00fcven ve kararl\u0131l\u0131kla ilerledi\u011fini, kendisine kar\u015f\u0131 kurulan komplolar\u0131 ve d\u00fc\u015fman taraflar\u0131n ba\u015flatt\u0131\u011f\u0131 yan\u0131lt\u0131c\u0131 medya kampanyalar\u0131n\u0131 umursamad\u0131\u011f\u0131n\u0131 vurgulayarak, halk\u0131m\u0131z\u0131n bilinci ve ba\u011fl\u0131l\u0131\u011f\u0131yla, sad\u0131k ordu adamlar\u0131m\u0131z\u0131n irade ve kararl\u0131l\u0131\u011f\u0131yla, Say\u0131n Cumhurba\u015fkan\u0131 Be\u015f\u015far Esad&#8217;\u0131n \u00f6nderli\u011findeki cesur liderli\u011fimizin bilgeli\u011fiyle zaferimize g\u00fcvendi\u011fimizi kaydetti.<\/p>\n<p style=\"text-align: justify;\">T\u00fcmgeneral \u0130brahim konu\u015fmas\u0131n\u0131n sonunda mezun olan \u00f6\u011frencilere\u00a0 seslenerek \u015funlar\u0131 s\u00f6yledi: &#8221;Sizler milletin metanetinin dire\u011fi ve halk\u0131n\u0131n ilgi oda\u011f\u0131s\u0131n\u0131z. Onurumuzu, topra\u011f\u0131m\u0131z\u0131, tarihimizi ve \u00e7ocuklar\u0131m\u0131z\u0131n gelece\u011fini baltalamak isteyenlere kar\u015f\u0131 \u00e7al\u0131\u015fma, e\u011fitim ve y\u00fczle\u015fme alanlar\u0131nda daha fazla fedakarl\u0131klara.&#8221;<\/p>\n<p style=\"text-align: justify;\"><img loading=\"lazy\" decoding=\"async\" class=\"size-medium wp-image-287182 alignright\" src=\"http:\/\/sana.sy\/tr\/wp-content\/uploads\/2023\/08\/4-2-300x162.jpg\" alt=\"\" width=\"300\" height=\"162\" srcset=\"https:\/\/archive.sana.sy\/tr\/wp-content\/uploads\/2023\/08\/4-2-300x162.jpg 300w, https:\/\/archive.sana.sy\/tr\/wp-content\/uploads\/2023\/08\/4-2.jpg 660w\" sizes=\"auto, (max-width: 300px) 100vw, 300px\" \/>Deniz Harp Okulu M\u00fcd\u00fcr\u00fc de konu\u015fmas\u0131nda, Deniz Kuvvetlerimize ve yi\u011fit ordumuza milli emaneti ta\u015f\u0131yacak nitelikli subaylar sa\u011flayan, okulun \u00f6nemli bir kolu olmaya devam edece\u011fini vurgulayarak, silahl\u0131 kuvvetlerimizin g\u00fczide adamlar\u0131n\u0131n her zaman bu s\u00f6zlerine sad\u0131k kalacaklar\u0131n\u0131, aziz vatan\u0131m\u0131z, alfabenin ve medeniyetin vatan\u0131n\u0131n m\u00fcdafaas\u0131nda en de\u011ferli fedakarl\u0131klar\u0131 yapmaya haz\u0131r olacaklar\u0131n\u0131 kaydetti.<\/p>\n<p style=\"text-align: justify;\">Ard\u0131ndan bayra\u011f\u0131 teslim ve teslim alma t\u00f6reni ger\u00e7ekle\u015ftirildi ve mezunlar askerlik yemini etti, ard\u0131ndan ba\u015far\u0131 s\u0131ras\u0131 ve mezun olunan kursa \u015fehit Albay Maan Ebu Asad&#8217;\u0131n ad\u0131n\u0131n verilmesi talimat\u0131 verildi.<\/p>\n<p style=\"text-align: justify;\"><img loading=\"lazy\" decoding=\"async\" class=\"size-medium wp-image-287183 alignright\" src=\"http:\/\/sana.sy\/tr\/wp-content\/uploads\/2023\/08\/5-3-300x200.jpg\" alt=\"\" width=\"300\" height=\"200\" srcset=\"https:\/\/archive.sana.sy\/tr\/wp-content\/uploads\/2023\/08\/5-3-300x200.jpg 300w, https:\/\/archive.sana.sy\/tr\/wp-content\/uploads\/2023\/08\/5-3.jpg 660w\" sizes=\"auto, (max-width: 300px) 100vw, 300px\" \/>\u0130lk mezunlara sertifika ve hediyeler da\u011f\u0131t\u0131l\u0131rken, birinci olan \u00f6\u011frenci de parkurun kalkan\u0131n\u0131 kutlaman\u0131n sponsorunun temsilcisi olan T\u00fcmgenarala takdim ettikten sonra \u015fehitlik de\u011ferlerinin takdiri ve salih \u015fehitlere ba\u011fl\u0131l\u0131k amac\u0131yla kurs kalkan\u0131 \u015fehit ailelerine hediye edildi.<\/p>\n<p style=\"text-align: justify;\">T\u00f6rene, Genel Komutanl\u0131ktan \u00e7ok say\u0131da \u00fcst d\u00fczey subay, Suriye&#8217;de faaliyet g\u00f6steren Rus kuvvetleri komutan yard\u0131mc\u0131s\u0131, Lazkiye Valisi, Arap Sosyalist Baas Partisi \u015fube sekreteri\u00a0 Mezun olan subay \u00f6\u011frencilerin aileleri kat\u0131ld\u0131.<\/p>\n<p style=\"text-align: justify;\">Bu vesileyle Deniz Kuvvetleri Komutanl\u0131\u011f\u0131&#8217;ndaki \u015fehitlik an\u0131t\u0131na \u00e7elenk \u00a0de b\u0131rak\u0131ld\u0131.<\/p>\n<p style=\"text-align: justify;\"><a href=\"https:\/\/t.me\/SuriyeArapHaberAjansI\">Telegram Kanal\u0131m\u0131z\u00a0<\/a><\/p>\n<p style=\"text-align: justify;\"><a href=\"https:\/\/www.facebook.com\/SANAHaberAjansi\/\">Facebook Sayfam\u0131z<\/a><\/p>\n<p style=\"text-align: justify;\"><a href=\"https:\/\/twitter.com\/arap_ajans\">Twitter Hesab\u0131m\u0131z<\/a><\/p>\n<p style=\"text-align: justify;\"><iframe loading=\"lazy\" title=\"\u0628\u0631\u0639\u0627\u064a\u0629 \u0627\u0644\u0631\u0626\u064a\u0633 \u0627\u0644\u0623\u0633\u062f.. \u062a\u062e\u0631\u064a\u062c \u062f\u0641\u0639\u0629 \u062c\u062f\u064a\u062f\u0629 \u0645\u0646 \u0637\u0644\u0627\u0628 \u0627\u0644\u0643\u0644\u064a\u0629 \u0627\u0644\u0628\u062d\u0631\u064a\u0629\" src=\"https:\/\/www.youtube.com\/embed\/ch9DVifV9BI\" width=\"620\" height=\"348\" frameborder=\"0\" allowfullscreen=\"allowfullscreen\"><\/iframe><\/p>\n<div id='gallery-1' class='gallery galleryid-287169 gallery-columns-1 gallery-size-full'><figure class='gallery-item'>\n\t\t\t<div class='gallery-icon landscape'>\n\t\t\t\t<a href='https:\/\/archive.sana.sy\/tr\/wp-content\/uploads\/2023\/08\/photo_2023-08-29_21-34-36.jpg'><img loading=\"lazy\" decoding=\"async\" width=\"660\" height=\"398\" src=\"https:\/\/archive.sana.sy\/tr\/wp-content\/uploads\/2023\/08\/photo_2023-08-29_21-34-36.jpg\" class=\"attachment-full size-full\" alt=\"\" srcset=\"https:\/\/archive.sana.sy\/tr\/wp-content\/uploads\/2023\/08\/photo_2023-08-29_21-34-36.jpg 660w, https:\/\/archive.sana.sy\/tr\/wp-content\/uploads\/2023\/08\/photo_2023-08-29_21-34-36-300x181.jpg 300w\" sizes=\"auto, (max-width: 660px) 100vw, 660px\" \/><\/a>\n\t\t\t<\/div><\/figure><figure class='gallery-item'>\n\t\t\t<div class='gallery-icon landscape'>\n\t\t\t\t<a href='https:\/\/archive.sana.sy\/tr\/wp-content\/uploads\/2023\/08\/photo_2023-08-29_21-35-18.jpg'><img loading=\"lazy\" decoding=\"async\" width=\"660\" height=\"398\" src=\"https:\/\/archive.sana.sy\/tr\/wp-content\/uploads\/2023\/08\/photo_2023-08-29_21-35-18.jpg\" class=\"attachment-full size-full\" alt=\"\" srcset=\"https:\/\/archive.sana.sy\/tr\/wp-content\/uploads\/2023\/08\/photo_2023-08-29_21-35-18.jpg 660w, https:\/\/archive.sana.sy\/tr\/wp-content\/uploads\/2023\/08\/photo_2023-08-29_21-35-18-300x181.jpg 300w\" sizes=\"auto, (max-width: 660px) 100vw, 660px\" \/><\/a>\n\t\t\t<\/div><\/figure><figure class='gallery-item'>\n\t\t\t<div class='gallery-icon landscape'>\n\t\t\t\t<a href='https:\/\/archive.sana.sy\/tr\/wp-content\/uploads\/2023\/08\/photo_2023-08-29_21-35-20.jpg'><img loading=\"lazy\" decoding=\"async\" width=\"660\" height=\"440\" src=\"https:\/\/archive.sana.sy\/tr\/wp-content\/uploads\/2023\/08\/photo_2023-08-29_21-35-20.jpg\" class=\"attachment-full size-full\" alt=\"\" srcset=\"https:\/\/archive.sana.sy\/tr\/wp-content\/uploads\/2023\/08\/photo_2023-08-29_21-35-20.jpg 660w, https:\/\/archive.sana.sy\/tr\/wp-content\/uploads\/2023\/08\/photo_2023-08-29_21-35-20-300x200.jpg 300w\" sizes=\"auto, (max-width: 660px) 100vw, 660px\" \/><\/a>\n\t\t\t<\/div><\/figure><figure class='gallery-item'>\n\t\t\t<div class='gallery-icon landscape'>\n\t\t\t\t<a href='https:\/\/archive.sana.sy\/tr\/wp-content\/uploads\/2023\/08\/photo_2023-08-29_21-35-21.jpg'><img loading=\"lazy\" decoding=\"async\" width=\"660\" height=\"513\" src=\"https:\/\/archive.sana.sy\/tr\/wp-content\/uploads\/2023\/08\/photo_2023-08-29_21-35-21.jpg\" class=\"attachment-full size-full\" alt=\"\" srcset=\"https:\/\/archive.sana.sy\/tr\/wp-content\/uploads\/2023\/08\/photo_2023-08-29_21-35-21.jpg 660w, https:\/\/archive.sana.sy\/tr\/wp-content\/uploads\/2023\/08\/photo_2023-08-29_21-35-21-300x233.jpg 300w\" sizes=\"auto, (max-width: 660px) 100vw, 660px\" \/><\/a>\n\t\t\t<\/div><\/figure><figure class='gallery-item'>\n\t\t\t<div class='gallery-icon landscape'>\n\t\t\t\t<a href='https:\/\/archive.sana.sy\/tr\/wp-content\/uploads\/2023\/08\/photo_2023-08-29_21-35-23.jpg'><img loading=\"lazy\" decoding=\"async\" width=\"660\" height=\"496\" src=\"https:\/\/archive.sana.sy\/tr\/wp-content\/uploads\/2023\/08\/photo_2023-08-29_21-35-23.jpg\" class=\"attachment-full size-full\" alt=\"\" srcset=\"https:\/\/archive.sana.sy\/tr\/wp-content\/uploads\/2023\/08\/photo_2023-08-29_21-35-23.jpg 660w, https:\/\/archive.sana.sy\/tr\/wp-content\/uploads\/2023\/08\/photo_2023-08-29_21-35-23-300x225.jpg 300w\" sizes=\"auto, (max-width: 660px) 100vw, 660px\" \/><\/a>\n\t\t\t<\/div><\/figure><figure class='gallery-item'>\n\t\t\t<div class='gallery-icon landscape'>\n\t\t\t\t<a href='https:\/\/archive.sana.sy\/tr\/wp-content\/uploads\/2023\/08\/photo_2023-08-29_21-35-31.jpg'><img loading=\"lazy\" decoding=\"async\" width=\"660\" height=\"417\" src=\"https:\/\/archive.sana.sy\/tr\/wp-content\/uploads\/2023\/08\/photo_2023-08-29_21-35-31.jpg\" class=\"attachment-full size-full\" alt=\"\" srcset=\"https:\/\/archive.sana.sy\/tr\/wp-content\/uploads\/2023\/08\/photo_2023-08-29_21-35-31.jpg 660w, https:\/\/archive.sana.sy\/tr\/wp-content\/uploads\/2023\/08\/photo_2023-08-29_21-35-31-300x190.jpg 300w\" sizes=\"auto, (max-width: 660px) 100vw, 660px\" \/><\/a>\n\t\t\t<\/div><\/figure><figure class='gallery-item'>\n\t\t\t<div class='gallery-icon landscape'>\n\t\t\t\t<a href='https:\/\/archive.sana.sy\/tr\/wp-content\/uploads\/2023\/08\/photo_2023-08-29_21-35-33.jpg'><img loading=\"lazy\" decoding=\"async\" width=\"660\" height=\"440\" src=\"https:\/\/archive.sana.sy\/tr\/wp-content\/uploads\/2023\/08\/photo_2023-08-29_21-35-33.jpg\" class=\"attachment-full size-full\" alt=\"\" srcset=\"https:\/\/archive.sana.sy\/tr\/wp-content\/uploads\/2023\/08\/photo_2023-08-29_21-35-33.jpg 660w, https:\/\/archive.sana.sy\/tr\/wp-content\/uploads\/2023\/08\/photo_2023-08-29_21-35-33-300x200.jpg 300w\" sizes=\"auto, (max-width: 660px) 100vw, 660px\" \/><\/a>\n\t\t\t<\/div><\/figure><figure class='gallery-item'>\n\t\t\t<div class='gallery-icon landscape'>\n\t\t\t\t<a href='https:\/\/archive.sana.sy\/tr\/wp-content\/uploads\/2023\/08\/photo_2023-08-29_21-35-35.jpg'><img loading=\"lazy\" decoding=\"async\" width=\"660\" height=\"541\" src=\"https:\/\/archive.sana.sy\/tr\/wp-content\/uploads\/2023\/08\/photo_2023-08-29_21-35-35.jpg\" class=\"attachment-full size-full\" alt=\"\" srcset=\"https:\/\/archive.sana.sy\/tr\/wp-content\/uploads\/2023\/08\/photo_2023-08-29_21-35-35.jpg 660w, https:\/\/archive.sana.sy\/tr\/wp-content\/uploads\/2023\/08\/photo_2023-08-29_21-35-35-300x246.jpg 300w\" sizes=\"auto, (max-width: 660px) 100vw, 660px\" \/><\/a>\n\t\t\t<\/div><\/figure><figure class='gallery-item'>\n\t\t\t<div class='gallery-icon landscape'>\n\t\t\t\t<a href='https:\/\/archive.sana.sy\/tr\/wp-content\/uploads\/2023\/08\/photo_2023-08-29_21-35-38.jpg'><img loading=\"lazy\" decoding=\"async\" width=\"660\" height=\"458\" src=\"https:\/\/archive.sana.sy\/tr\/wp-content\/uploads\/2023\/08\/photo_2023-08-29_21-35-38.jpg\" class=\"attachment-full size-full\" alt=\"\" srcset=\"https:\/\/archive.sana.sy\/tr\/wp-content\/uploads\/2023\/08\/photo_2023-08-29_21-35-38.jpg 660w, https:\/\/archive.sana.sy\/tr\/wp-content\/uploads\/2023\/08\/photo_2023-08-29_21-35-38-300x208.jpg 300w, https:\/\/archive.sana.sy\/tr\/wp-content\/uploads\/2023\/08\/photo_2023-08-29_21-35-38-110x75.jpg 110w\" sizes=\"auto, (max-width: 660px) 100vw, 660px\" \/><\/a>\n\t\t\t<\/div><\/figure><figure class='gallery-item'>\n\t\t\t<div class='gallery-icon landscape'>\n\t\t\t\t<a href='https:\/\/archive.sana.sy\/tr\/wp-content\/uploads\/2023\/08\/photo_2023-08-29_21-35-40.jpg'><img loading=\"lazy\" decoding=\"async\" width=\"660\" height=\"440\" src=\"https:\/\/archive.sana.sy\/tr\/wp-content\/uploads\/2023\/08\/photo_2023-08-29_21-35-40.jpg\" class=\"attachment-full size-full\" alt=\"\" srcset=\"https:\/\/archive.sana.sy\/tr\/wp-content\/uploads\/2023\/08\/photo_2023-08-29_21-35-40.jpg 660w, https:\/\/archive.sana.sy\/tr\/wp-content\/uploads\/2023\/08\/photo_2023-08-29_21-35-40-300x200.jpg 300w\" sizes=\"auto, (max-width: 660px) 100vw, 660px\" \/><\/a>\n\t\t\t<\/div><\/figure>\n\t\t<\/div>\n\n","protected":false},"excerpt":{"rendered":"<p>\u015eAM 29 A\u011fustos (SANA) &#8211; Cumhurba\u015fkan\u0131, Kara Kuvvetleri ve Silahl\u0131 Kuvvetler Ba\u015fkomutan\u0131 Korgeneral Be\u015f\u015far Esad&#8217;\u0131n himayelerinde, Deniz Kuvvetleri ve Sahil Savunma G\u00fcn\u00fc m\u00fcnasebetiyle bug\u00fcn Deniz Harp Okulu&#8217;na yeni kat\u0131lan \u00f6\u011frencilerin mezuniyeti kutland\u0131. T\u00f6rene, Cumhurba\u015fkan\u0131 ad\u0131na Kara Kuvvetleri ve Silahl\u0131 Kuvvetler Genelkurmay Ba\u015fkan\u0131 T\u00fcmgeneral Abd\u00fclkerim Mahmud \u0130brahim kat\u0131ld\u0131. Genelkurmay Ba\u015fkan\u0131, \u00a0\u015feref k\u0131tas\u0131n\u0131 selamlad\u0131ktan sonra \u00fcst\u00fc a\u00e7\u0131k &hellip;<\/p>\n","protected":false},"author":36,"featured_media":287180,"comment_status":"closed","ping_status":"closed","sticky":false,"template":"","format":"standard","meta":{"footnotes":""},"categories":[596,479,17988,478],"tags":[39507,19174,38641],"class_list":["post-287169","post","type-post","status-publish","format-standard","has-post-thumbnail","","category-fotografli-raporlar","category-haberler-yerel","category-son-haberler","category-yerel","tag-cumhurbaskani-esadin-himayesinde-deniz-harp-okulundan-yeni-bir-grup-ogrenci-mezun-edildi","tag-suriyede-son-durumlar","tag-suriyede-son-gelimeler"],"_links":{"self":[{"href":"https:\/\/archive.sana.sy\/tr\/index.php?rest_route=\/wp\/v2\/posts\/287169","targetHints":{"allow":["GET"]}}],"collection":[{"href":"https:\/\/archive.sana.sy\/tr\/index.php?rest_route=\/wp\/v2\/posts"}],"about":[{"href":"https:\/\/archive.sana.sy\/tr\/index.php?rest_route=\/wp\/v2\/types\/post"}],"author":[{"embeddable":true,"href":"https:\/\/archive.sana.sy\/tr\/index.php?rest_route=\/wp\/v2\/users\/36"}],"replies":[{"embeddable":true,"href":"https:\/\/archive.sana.sy\/tr\/index.php?rest_route=%2Fwp%2Fv2%2Fcomments&post=287169"}],"version-history":[{"count":2,"href":"https:\/\/archive.sana.sy\/tr\/index.php?rest_route=\/wp\/v2\/posts\/287169\/revisions"}],"predecessor-version":[{"id":287212,"href":"https:\/\/archive.sana.sy\/tr\/index.php?rest_route=\/wp\/v2\/posts\/287169\/revisions\/287212"}],"wp:featuredmedia":[{"embeddable":true,"href":"https:\/\/archive.sana.sy\/tr\/index.php?rest_route=\/wp\/v2\/media\/287180"}],"wp:attachment":[{"href":"https:\/\/archive.sana.sy\/tr\/index.php?rest_route=%2Fwp%2Fv2%2Fmedia&parent=287169"}],"wp:term":[{"taxonomy":"category","embeddable":true,"href":"https:\/\/archive.sana.sy\/tr\/index.php?rest_route=%2Fwp%2Fv2%2Fcategories&post=287169"},{"taxonomy":"post_tag","embeddable":true,"href":"https:\/\/archive.sana.sy\/tr\/index.php?rest_route=%2Fwp%2Fv2%2Ftags&post=287169"}],"curies":[{"name":"wp","href":"https:\/\/api.w.org\/{rel}","templated":true}]}}