{"id":287333,"date":"2023-09-02T12:15:49","date_gmt":"2023-09-02T09:15:49","guid":{"rendered":"https:\/\/sana.sy\/tr\/?p=287333"},"modified":"2023-09-05T13:48:25","modified_gmt":"2023-09-05T10:48:25","slug":"sam-kirsalindaki-sasa-ilcesinin-muduru-teror-orgutunun-aracina-yerlestirdigi-patlayicinin-infilak-etmesi-sonucu-yaralandi","status":"publish","type":"post","link":"https:\/\/archive.sana.sy\/tr\/?p=287333","title":{"rendered":"\u015eam K\u0131rsal\u0131ndaki Sasa \u0130l\u00e7esinin M\u00fcd\u00fcr\u00fc, Ter\u00f6r \u00d6rg\u00fct\u00fcn\u00fcn Arac\u0131na Yerle\u015ftirdi\u011fi Patlay\u0131c\u0131n\u0131n \u0130nfilak Etmesi Sonucu Yaraland\u0131"},"content":{"rendered":"<p style=\"text-align: justify;\"><strong>\u015eAM 02 Ey<\/strong><strong>l\u00fcl (SANA) &#8211; <\/strong>\u015eam k\u0131rsal\u0131n\u0131n Sasa il\u00e7esi m\u00fcd\u00fcr\u00fc, Katana b\u00f6lgesinin Hinna k\u00f6y\u00fcnde ter\u00f6ristler taraf\u0131ndan arac\u0131na yerle\u015ftirilen patlay\u0131c\u0131n\u0131n infilak etmesi sonucu yaraland\u0131.<\/p>\n<p style=\"text-align: justify;\">\u0130\u00e7i\u015fleri Bakanl\u0131\u011f\u0131ndan yap\u0131lan a\u00e7\u0131klamada, Sasa il\u00e7esi m\u00fcd\u00fcr\u00fc Binba\u015f\u0131 Muhammed El Ahmad&#8217;\u0131n Hinna k\u00f6y\u00fcndeki evinden i\u015fe giderken arabas\u0131na yerle\u015ftirilen patlay\u0131c\u0131n\u0131n infilak etti\u011fi belirtirken, Bunun sonucunda sa\u011f aya\u011f\u0131ndan yaraland\u0131\u011f\u0131, tedavi i\u00e7in hemen \u015eam&#8217;daki bir hastaneye kald\u0131r\u0131ld\u0131\u011f\u0131na i\u015faret etti.<\/p>\n<p style=\"text-align: justify;\"><a href=\"https:\/\/t.me\/SuriyeArapHaberAjansI\">Telegram Kanal\u0131m\u0131z\u00a0<\/a><\/p>\n<p style=\"text-align: justify;\"><a href=\"https:\/\/www.facebook.com\/SANAHaberAjansi\/\">Facebook Sayfam\u0131z<\/a><\/p>\n<p style=\"text-align: justify;\"><a href=\"https:\/\/twitter.com\/arap_ajans\">Twitter Hesab\u0131m\u0131z<\/a><\/p>\n","protected":false},"excerpt":{"rendered":"<p>\u015eAM 02 Eyl\u00fcl (SANA) &#8211; \u015eam k\u0131rsal\u0131n\u0131n Sasa il\u00e7esi m\u00fcd\u00fcr\u00fc, Katana b\u00f6lgesinin Hinna k\u00f6y\u00fcnde ter\u00f6ristler taraf\u0131ndan arac\u0131na yerle\u015ftirilen patlay\u0131c\u0131n\u0131n infilak etmesi sonucu yaraland\u0131. \u0130\u00e7i\u015fleri Bakanl\u0131\u011f\u0131ndan yap\u0131lan a\u00e7\u0131klamada, Sasa il\u00e7esi m\u00fcd\u00fcr\u00fc Binba\u015f\u0131 Muhammed El Ahmad&#8217;\u0131n Hinna k\u00f6y\u00fcndeki evinden i\u015fe giderken arabas\u0131na yerle\u015ftirilen patlay\u0131c\u0131n\u0131n infilak etti\u011fi belirtirken, Bunun sonucunda sa\u011f aya\u011f\u0131ndan yaraland\u0131\u011f\u0131, tedavi i\u00e7in hemen \u015eam&#8217;daki bir &hellip;<\/p>\n","protected":false},"author":36,"featured_media":287334,"comment_status":"closed","ping_status":"closed","sticky":false,"template":"","format":"standard","meta":{"footnotes":""},"categories":[479,575,17988,478],"tags":[39549,19174,38641,22182],"class_list":["post-287333","post","type-post","status-publish","format-standard","has-post-thumbnail","","category-haberler-yerel","category-olaylar-ve-gercekler","category-son-haberler","category-yerel","tag-sam-kirsalinin-sasa-ilcesi","tag-suriyede-son-durumlar","tag-suriyede-son-gelimeler","tag-suriyede-savas"],"_links":{"self":[{"href":"https:\/\/archive.sana.sy\/tr\/index.php?rest_route=\/wp\/v2\/posts\/287333","targetHints":{"allow":["GET"]}}],"collection":[{"href":"https:\/\/archive.sana.sy\/tr\/index.php?rest_route=\/wp\/v2\/posts"}],"about":[{"href":"https:\/\/archive.sana.sy\/tr\/index.php?rest_route=\/wp\/v2\/types\/post"}],"author":[{"embeddable":true,"href":"https:\/\/archive.sana.sy\/tr\/index.php?rest_route=\/wp\/v2\/users\/36"}],"replies":[{"embeddable":true,"href":"https:\/\/archive.sana.sy\/tr\/index.php?rest_route=%2Fwp%2Fv2%2Fcomments&post=287333"}],"version-history":[{"count":3,"href":"https:\/\/archive.sana.sy\/tr\/index.php?rest_route=\/wp\/v2\/posts\/287333\/revisions"}],"predecessor-version":[{"id":287351,"href":"https:\/\/archive.sana.sy\/tr\/index.php?rest_route=\/wp\/v2\/posts\/287333\/revisions\/287351"}],"wp:featuredmedia":[{"embeddable":true,"href":"https:\/\/archive.sana.sy\/tr\/index.php?rest_route=\/wp\/v2\/media\/287334"}],"wp:attachment":[{"href":"https:\/\/archive.sana.sy\/tr\/index.php?rest_route=%2Fwp%2Fv2%2Fmedia&parent=287333"}],"wp:term":[{"taxonomy":"category","embeddable":true,"href":"https:\/\/archive.sana.sy\/tr\/index.php?rest_route=%2Fwp%2Fv2%2Fcategories&post=287333"},{"taxonomy":"post_tag","embeddable":true,"href":"https:\/\/archive.sana.sy\/tr\/index.php?rest_route=%2Fwp%2Fv2%2Ftags&post=287333"}],"curies":[{"name":"wp","href":"https:\/\/api.w.org\/{rel}","templated":true}]}}