{"id":287336,"date":"2023-09-01T23:22:36","date_gmt":"2023-09-01T20:22:36","guid":{"rendered":"https:\/\/sana.sy\/tr\/?p=287336"},"modified":"2023-09-04T08:21:48","modified_gmt":"2023-09-04T05:21:48","slug":"halepteki-suriyeli-kabile-ve-asiretler-forumu-her-turlu-isgali-ve-bolucu-sdg-milislerinin-uygulamalarini-reddediyoruz","status":"publish","type":"post","link":"https:\/\/archive.sana.sy\/tr\/?p=287336","title":{"rendered":"Halep&#8217;teki Suriyeli Kabile Ve A\u015firetler Forumu: Her T\u00fcrl\u00fc \u0130\u015fgali Ve B\u00f6l\u00fcc\u00fc &#8221;SDG&#8221; Milislerinin Uygulamalar\u0131n\u0131 Reddediyoruz"},"content":{"rendered":"<p style=\"text-align: justify;\"><strong>HALEP 02 <\/strong><strong>EYL\u00dcL (SANA)<\/strong> &#8211; \u00a0Elbu\u015fabaan kabilesinin\u00a0 Elbu\u015feyh a\u015fireti, b\u00f6lgedeki Suriye toplumunu temsil eden \u00e7e\u015fitli a\u015firetlerin kat\u0131l\u0131m\u0131yla \u00a0\u00a0ve &#8220;Amerika ve T\u00fcrkiye&#8217;nin Suriye topraklar\u0131n\u0131 i\u015fgaline hay\u0131r ve b\u00f6l\u00fcc\u00fc &#8221;SDG&#8221; milisleri ile silahl\u0131 ter\u00f6r gruplar\u0131n\u0131n uygulamalar\u0131na kar\u015f\u0131 durmal\u0131y\u0131z&#8221; ba\u015fl\u0131\u011f\u0131 alt\u0131nda A\u015firet ve Kabilerin \u015feyhleri, Ulusal Se\u00e7kinler Ve \u0130leri Gelenler Forumu d\u00fczenledi.<\/p>\n<p style=\"text-align: justify;\">Elbu\u015feyh A\u015firetinin \u015eeyhi \u015eeyh Abdullah El Dendel, Kabile ve A\u015firetler Forumu&#8217;nun son a\u00e7\u0131klamas\u0131n\u0131 yapt\u0131. A\u00e7\u0131klamada \u015fu ifadelere yer verildi: &#8220;Herkes, Suriye Cezire&#8217;sini devlet egemenli\u011fine d\u00f6nd\u00fcrmek i\u00e7in var g\u00fcc\u00fcyle \u00e7al\u0131\u015f\u0131yor, halk\u0131m\u0131z\u0131n vatan\u0131n her kar\u0131\u015f\u0131n\u0131 \u00f6zg\u00fcrle\u015ftirmek i\u00e7in Cezire&#8217;de ba\u015flatt\u0131\u011f\u0131 her ayaklanmay\u0131 destekliyor ve kutsuyor.&#8221;<\/p>\n<p style=\"text-align: justify;\">A\u00e7\u0131klamada ayr\u0131ca, \u201cKabileler, a\u015firetler ve ulusal elitler Suriye devletinin, m\u00fcttefiklerinin ve Suriye Arap Ordusunun yan\u0131ndad\u0131r. Suriye, Cumhurba\u015fkan\u0131 \u00a0Be\u015f\u015far Esad&#8217;\u0131n liderli\u011fi alt\u0131nda birle\u015fik bir \u00fclke ve halkt\u0131r ve ordu da onun gururu ve savunucusudur\u201d a\u00e7\u0131klamada bulunuldu.<\/p>\n<p style=\"text-align: justify;\"><img loading=\"lazy\" decoding=\"async\" class=\"size-full wp-image-287342 alignright\" src=\"http:\/\/sana.sy\/tr\/wp-content\/uploads\/2023\/09\/photo_2023-09-02_00-07-10-300x191-1.jpg\" alt=\"\" width=\"300\" height=\"191\" \/>A\u00e7\u0131klamada, &#8220;Suriye Klanlar\u0131 Forumu&#8217;nun, Suriye topraklar\u0131ndaki her t\u00fcrl\u00fc yasad\u0131\u015f\u0131 yabanc\u0131 varl\u0131\u011f\u0131n\u0131 kategorik olarak reddetti\u011fi ve Amerikal\u0131 i\u015fgalcinin ger\u00e7ekle\u015ftirdi\u011fi uygulamalar\u0131n Suriye halk\u0131na kar\u015f\u0131 i\u015flenen su\u00e7lardan ba\u015fka bir \u015fey olmad\u0131\u011f\u0131&#8221; de kaydedildi.<\/p>\n<p style=\"text-align: justify;\">Kabile ve A\u015firetler Forumu yapt\u0131\u011f\u0131 a\u00e7\u0131klamada da, Suriye devletinin bayra\u011f\u0131 alt\u0131nda halk deste\u011fi sa\u011flayacak bir a\u015firet konseyi kurulmas\u0131 \u00e7a\u011fr\u0131s\u0131nda bulunularak, Suriye Cezire&#8217;sindeki a\u015firet ve a\u015firetlere, i\u015fgalcilere ve onlar\u0131n ayr\u0131l\u0131k\u00e7\u0131 yard\u0131mc\u0131lar\u0131na kar\u015f\u0131 karde\u015flerinin yan\u0131nda durma \u00e7a\u011fr\u0131s\u0131 yap\u0131ld\u0131.<\/p>\n<p style=\"text-align: justify;\">Bakara kabilesinin temsilcisi \u015eeyh Ahmed Havayis, &#8221;Forum &#8220;Suriye&#8217;yi i\u015fgale ve ayr\u0131l\u0131k\u00e7\u0131lara kar\u015f\u0131 savunmak i\u00e7in aya\u011fa kalkan Suriye toplumunun t\u00fcm kesimlerini temsil ediyor. Biz sadece Suriye topraklar\u0131n\u0131n do\u011fal kaynaklar\u0131yla b\u00fct\u00fcn halk\u0131n\u0131n birli\u011fini kabul ediyoruz.\u201d dedi.<\/p>\n<p style=\"text-align: justify;\">El Duleyim kabilesinin El Asasna a\u015firetinin \u00a0\u015feyhi \u015eeyh \u0130sa El-\u0130brahim, &#8220;Kabilenin \u00fcyeleri Suriye Arap Cumhuriyeti bayra\u011f\u0131 d\u0131\u015f\u0131nda herhangi bir bayra\u011f\u0131n varl\u0131\u011f\u0131n\u0131n tamamen reddedilmesiyle birklikte, yasad\u0131\u015f\u0131 d\u0131\u015f m\u00fcdahaleyi ve \u00fclkeyi herhangi bir isim alt\u0131nda b\u00f6lmeye y\u00f6nelik her t\u00fcrl\u00fc giri\u015fimi reddediyor&#8221; dedi.<\/p>\n<p style=\"text-align: justify;\">Halep K\u00fcrtlerinin temsilcisi \u015eeyh Nuri Assaf, &#8220;SDG milislerinin Suriye halk\u0131n\u0131 temsil etmedi\u011fine&#8221; dikkat \u00e7ekerek, \u00a0ayn\u0131 zamanda sevgili Suriye&#8217;den son toprak zerresine kadar Suriye Arap Ordusu&#8217;nun yan\u0131nda olduklar\u0131n\u0131 da ifade etti.<\/p>\n<p style=\"text-align: justify;\">T\u00fcrkmen a\u015firetlerinin Suriye&#8217;deki temsilcisi Abbas T\u00fcrkmani de &#8220;SDG&#8217;nin ayr\u0131l\u0131k\u00e7\u0131 uygulamalar\u0131n\u0131 ve Suriye topraklar\u0131ndaki yasa d\u0131\u015f\u0131 Amerikan ve T\u00fcrk varl\u0131\u011f\u0131n\u0131&#8221; reddetti\u011fini vurgulayarak, &#8220;Suriye halk\u0131n\u0131n t\u00fcm bile\u015fenlerinin i\u015fgalciye kar\u015f\u0131 birlik olmas\u0131&#8221; \u00e7a\u011fr\u0131s\u0131nda bulundu.<\/p>\n<p><a href=\"https:\/\/t.me\/SuriyeArapHaberAjansI\">Telegram Kanal\u0131m\u0131z\u00a0<\/a><\/p>\n<p><a href=\"https:\/\/www.facebook.com\/SANAHaberAjansi\/\">Facebook Sayfam\u0131z<\/a><\/p>\n<p><a href=\"https:\/\/twitter.com\/arap_ajans\">Twitter Hesab\u0131m\u0131z<\/a><\/p>\n","protected":false},"excerpt":{"rendered":"<p>HALEP 02 EYL\u00dcL (SANA) &#8211; \u00a0Elbu\u015fabaan kabilesinin\u00a0 Elbu\u015feyh a\u015fireti, b\u00f6lgedeki Suriye toplumunu temsil eden \u00e7e\u015fitli a\u015firetlerin kat\u0131l\u0131m\u0131yla \u00a0\u00a0ve &#8220;Amerika ve T\u00fcrkiye&#8217;nin Suriye topraklar\u0131n\u0131 i\u015fgaline hay\u0131r ve b\u00f6l\u00fcc\u00fc &#8221;SDG&#8221; milisleri ile silahl\u0131 ter\u00f6r gruplar\u0131n\u0131n uygulamalar\u0131na kar\u015f\u0131 durmal\u0131y\u0131z&#8221; ba\u015fl\u0131\u011f\u0131 alt\u0131nda A\u015firet ve Kabilerin \u015feyhleri, Ulusal Se\u00e7kinler Ve \u0130leri Gelenler Forumu d\u00fczenledi. Elbu\u015feyh A\u015firetinin \u015eeyhi \u015eeyh Abdullah El &hellip;<\/p>\n","protected":false},"author":41,"featured_media":287337,"comment_status":"closed","ping_status":"closed","sticky":false,"template":"","format":"standard","meta":{"footnotes":""},"categories":[479,17988,478],"tags":[39544,39542,23307,19174,39543,22182],"class_list":["post-287336","post","type-post","status-publish","format-standard","has-post-thumbnail","","category-haberler-yerel","category-son-haberler","category-yerel","tag-deyrizzorda-konuslanan-sdg-pkk","tag-halepteki-suriyeli-kabile-ve-asiretler-forumu-her-turlu-isgali-ve-bolucu-sdg-milislerinin-uygulamalarini-reddediyoruz","tag-pkk","tag-suriyede-son-durumlar","tag-suriyenin-deyrizzor-ili","tag-suriyede-savas"],"_links":{"self":[{"href":"https:\/\/archive.sana.sy\/tr\/index.php?rest_route=\/wp\/v2\/posts\/287336","targetHints":{"allow":["GET"]}}],"collection":[{"href":"https:\/\/archive.sana.sy\/tr\/index.php?rest_route=\/wp\/v2\/posts"}],"about":[{"href":"https:\/\/archive.sana.sy\/tr\/index.php?rest_route=\/wp\/v2\/types\/post"}],"author":[{"embeddable":true,"href":"https:\/\/archive.sana.sy\/tr\/index.php?rest_route=\/wp\/v2\/users\/41"}],"replies":[{"embeddable":true,"href":"https:\/\/archive.sana.sy\/tr\/index.php?rest_route=%2Fwp%2Fv2%2Fcomments&post=287336"}],"version-history":[{"count":4,"href":"https:\/\/archive.sana.sy\/tr\/index.php?rest_route=\/wp\/v2\/posts\/287336\/revisions"}],"predecessor-version":[{"id":287536,"href":"https:\/\/archive.sana.sy\/tr\/index.php?rest_route=\/wp\/v2\/posts\/287336\/revisions\/287536"}],"wp:featuredmedia":[{"embeddable":true,"href":"https:\/\/archive.sana.sy\/tr\/index.php?rest_route=\/wp\/v2\/media\/287337"}],"wp:attachment":[{"href":"https:\/\/archive.sana.sy\/tr\/index.php?rest_route=%2Fwp%2Fv2%2Fmedia&parent=287336"}],"wp:term":[{"taxonomy":"category","embeddable":true,"href":"https:\/\/archive.sana.sy\/tr\/index.php?rest_route=%2Fwp%2Fv2%2Fcategories&post=287336"},{"taxonomy":"post_tag","embeddable":true,"href":"https:\/\/archive.sana.sy\/tr\/index.php?rest_route=%2Fwp%2Fv2%2Ftags&post=287336"}],"curies":[{"name":"wp","href":"https:\/\/api.w.org\/{rel}","templated":true}]}}