{"id":287361,"date":"2023-09-02T12:43:10","date_gmt":"2023-09-02T09:43:10","guid":{"rendered":"https:\/\/sana.sy\/tr\/?p=287361"},"modified":"2023-09-05T13:48:29","modified_gmt":"2023-09-05T10:48:29","slug":"suriyeli-tekvandocu-dunya-universiteler-tekvando-sampiyonasinda-bronz-madalya-kazandi","status":"publish","type":"post","link":"https:\/\/archive.sana.sy\/tr\/?p=287361","title":{"rendered":"Suriyeli Tekvandocu, D\u00fcnya \u00dcniversiteler Tekvando \u015eampiyonas\u0131&#8217;nda Bronz Madalya Kazand\u0131"},"content":{"rendered":"<p style=\"text-align: justify;\"><strong>MOSKOVA 02 Eyl\u00fcl (SANA)<\/strong> &#8211; Suriye milli tekvandocu \u015eems Ahmed, Rusya&#8217;da d\u00fczenlenen D\u00fcnya \u00dcniversiteler \u015eampiyonas\u0131&#8217;nda bronz madalya kazand\u0131.<\/p>\n<p style=\"text-align: justify;\"><img loading=\"lazy\" decoding=\"async\" class=\" wp-image-287363 alignright\" src=\"http:\/\/sana.sy\/tr\/wp-content\/uploads\/2023\/09\/photo_2023-09-02_16-13-28.jpg\" alt=\"\" width=\"234\" height=\"165\" srcset=\"https:\/\/archive.sana.sy\/tr\/wp-content\/uploads\/2023\/09\/photo_2023-09-02_16-13-28.jpg 660w, https:\/\/archive.sana.sy\/tr\/wp-content\/uploads\/2023\/09\/photo_2023-09-02_16-13-28-300x211.jpg 300w\" sizes=\"auto, (max-width: 234px) 100vw, 234px\" \/>Tekvando Federasyonu Ba\u015fkan\u0131 \u015eerif Derki, SANA&#8217;ya yapt\u0131\u011f\u0131 a\u00e7\u0131klamada, \u2018\u2019D\u00fcnya \u00dcniversiteler \u015eampiyonas\u0131&#8217;na Suriyeli \u00d6\u011frenciler Ulusal Birli\u011fi kat\u0131ld\u0131 ve kahraman\u0131m\u0131z \u015eems, Suriye milli tak\u0131m oyuncusu ve Homs&#8217;taki El Baas \u00dcniversitesi \u00f6\u011frencisi. Milli tak\u0131m\u0131n en se\u00e7kin oyuncular\u0131ndan biridir ve yerel ve Arap \u015fampiyonalar\u0131ndan \u00e7e\u015fitli madalyalar kazanm\u0131\u015ft\u0131r\u2019\u2019\u00a0 a\u00e7\u0131klamada bulundu.<\/p>\n<p style=\"text-align: justify;\">Derki ayr\u0131ca, turnuvan\u0131n \u00fcniversitelere y\u00f6nelik olmas\u0131 nedeniyle adayl\u0131\u011f\u0131n\u0131n \u00d6\u011frenci Birli\u011fi&#8217;nden gelen bir mektup sonras\u0131nda geldi\u011fini, bir ay boyunca kat\u0131l\u0131ma haz\u0131rl\u0131k amac\u0131yla kurum i\u00e7i kamp d\u00fczenlenerek haz\u0131rl\u0131k \u00e7al\u0131\u015fmalar\u0131 yap\u0131ld\u0131\u011f\u0131n\u0131 belirtti.<\/p>\n<p style=\"text-align: justify;\"><a href=\"https:\/\/t.me\/SuriyeArapHaberAjansI\">Telegram Kanal\u0131m\u0131z\u00a0<\/a><\/p>\n<p style=\"text-align: justify;\"><a href=\"https:\/\/www.facebook.com\/SANAHaberAjansi\/\">Facebook Sayfam\u0131z<\/a><\/p>\n<p style=\"text-align: justify;\"><a href=\"https:\/\/twitter.com\/arap_ajans\">Twitter Hesab\u0131m\u0131z<\/a><\/p>\n","protected":false},"excerpt":{"rendered":"<p>MOSKOVA 02 Eyl\u00fcl (SANA) &#8211; Suriye milli tekvandocu \u015eems Ahmed, Rusya&#8217;da d\u00fczenlenen D\u00fcnya \u00dcniversiteler \u015eampiyonas\u0131&#8217;nda bronz madalya kazand\u0131. Tekvando Federasyonu Ba\u015fkan\u0131 \u015eerif Derki, SANA&#8217;ya yapt\u0131\u011f\u0131 a\u00e7\u0131klamada, \u2018\u2019D\u00fcnya \u00dcniversiteler \u015eampiyonas\u0131&#8217;na Suriyeli \u00d6\u011frenciler Ulusal Birli\u011fi kat\u0131ld\u0131 ve kahraman\u0131m\u0131z \u015eems, Suriye milli tak\u0131m oyuncusu ve Homs&#8217;taki El Baas \u00dcniversitesi \u00f6\u011frencisi. Milli tak\u0131m\u0131n en se\u00e7kin oyuncular\u0131ndan biridir ve yerel &hellip;<\/p>\n","protected":false},"author":41,"featured_media":287362,"comment_status":"closed","ping_status":"closed","sticky":false,"template":"","format":"standard","meta":{"footnotes":""},"categories":[458,498,459,17988,496],"tags":[39557,18632,25536,39203,19174,38641,26131,39556],"class_list":["post-287361","post","type-post","status-publish","format-standard","has-post-thumbnail","","category-dunya1","category-dunya-turnuvalari","category-haberler-arap-uluslararasi-politika","category-son-haberler","category-spor","tag-dunya-universiteler-tekvando-sampiyonasinda-bronz-madalya-kazandi","tag-sana","tag-sana-ajansi","tag-suriye-arap-haber-ajansi","tag-suriyede-son-durumlar","tag-suriyede-son-gelimeler","tag-suriyede-spor","tag-suriyeli-tekvandocu"],"_links":{"self":[{"href":"https:\/\/archive.sana.sy\/tr\/index.php?rest_route=\/wp\/v2\/posts\/287361","targetHints":{"allow":["GET"]}}],"collection":[{"href":"https:\/\/archive.sana.sy\/tr\/index.php?rest_route=\/wp\/v2\/posts"}],"about":[{"href":"https:\/\/archive.sana.sy\/tr\/index.php?rest_route=\/wp\/v2\/types\/post"}],"author":[{"embeddable":true,"href":"https:\/\/archive.sana.sy\/tr\/index.php?rest_route=\/wp\/v2\/users\/41"}],"replies":[{"embeddable":true,"href":"https:\/\/archive.sana.sy\/tr\/index.php?rest_route=%2Fwp%2Fv2%2Fcomments&post=287361"}],"version-history":[{"count":1,"href":"https:\/\/archive.sana.sy\/tr\/index.php?rest_route=\/wp\/v2\/posts\/287361\/revisions"}],"predecessor-version":[{"id":287364,"href":"https:\/\/archive.sana.sy\/tr\/index.php?rest_route=\/wp\/v2\/posts\/287361\/revisions\/287364"}],"wp:featuredmedia":[{"embeddable":true,"href":"https:\/\/archive.sana.sy\/tr\/index.php?rest_route=\/wp\/v2\/media\/287362"}],"wp:attachment":[{"href":"https:\/\/archive.sana.sy\/tr\/index.php?rest_route=%2Fwp%2Fv2%2Fmedia&parent=287361"}],"wp:term":[{"taxonomy":"category","embeddable":true,"href":"https:\/\/archive.sana.sy\/tr\/index.php?rest_route=%2Fwp%2Fv2%2Fcategories&post=287361"},{"taxonomy":"post_tag","embeddable":true,"href":"https:\/\/archive.sana.sy\/tr\/index.php?rest_route=%2Fwp%2Fv2%2Ftags&post=287361"}],"curies":[{"name":"wp","href":"https:\/\/api.w.org\/{rel}","templated":true}]}}