{"id":287370,"date":"2023-09-03T10:26:18","date_gmt":"2023-09-03T07:26:18","guid":{"rendered":"https:\/\/sana.sy\/tr\/?p=287370"},"modified":"2023-09-05T13:49:42","modified_gmt":"2023-09-05T10:49:42","slug":"suriye-terorun-yiktigi-kopruleri-yeniden-insa-ediyor","status":"publish","type":"post","link":"https:\/\/archive.sana.sy\/tr\/?p=287370","title":{"rendered":"Suriye Ter\u00f6r\u00fcn Y\u0131kt\u0131\u011f\u0131 K\u00f6pr\u00fcleri Yeniden \u0130n\u015fa Ediyor"},"content":{"rendered":"<p style=\"text-align: justify;\"><strong>\u015eAM 03 EYL\u00dcL (SANA) &#8211;<\/strong>\u00a0 Ula\u015ft\u0131rma Bakanl\u0131\u011f\u0131, Halep, Humus, Deyrezzor ve Dera illerinde ter\u00f6r nedeniyle tahrip edilen yol ve k\u00f6pr\u00fclerde en \u00e7ok zarar g\u00f6ren ve de\u011feri yakla\u015f\u0131k 325 milyar Suriye liras\u0131 olan yerlerin bak\u0131m ve rehabilitasyonunu tamamlad\u0131.<\/p>\n<p style=\"text-align: justify;\"><img loading=\"lazy\" decoding=\"async\" class=\"size-full wp-image-287372 alignright\" src=\"http:\/\/sana.sy\/tr\/wp-content\/uploads\/2023\/09\/374825839_685020353660773_3050841423745885146_n-copy-300x300-1.jpg\" alt=\"\" width=\"300\" height=\"300\" srcset=\"https:\/\/archive.sana.sy\/tr\/wp-content\/uploads\/2023\/09\/374825839_685020353660773_3050841423745885146_n-copy-300x300-1.jpg 300w, https:\/\/archive.sana.sy\/tr\/wp-content\/uploads\/2023\/09\/374825839_685020353660773_3050841423745885146_n-copy-300x300-1-150x150.jpg 150w\" sizes=\"auto, (max-width: 300px) 100vw, 300px\" \/>Ula\u015ft\u0131rma Bakan\u0131 M\u00fchendis Z\u00fcheyir H\u00fczeyim, SANA muhabirine yapt\u0131\u011f\u0131 a\u00e7\u0131klamada, Bakanl\u0131k, karayolu ula\u015f\u0131m\u0131 alan\u0131ndaki plan\u0131 kapsam\u0131nda, ter\u00f6ristlerin hedefi olmas\u0131 sonucu hasar g\u00f6ren ve Suriye Arap Ordusu&#8217;nun kahramanlar\u0131 taraf\u0131ndan kurtar\u0131lan 36 hayati k\u00f6pr\u00fcn\u00fcn bak\u0131m ve rehabilitasyonunu tamamlad\u0131.<\/p>\n<p style=\"text-align: justify;\">H\u00fczeyim, merkezi yol a\u011f\u0131n\u0131n uzunlu\u011funun yakla\u015f\u0131k 9 bin 52 kilometre oldu\u011funu, bunun yakla\u015f\u0131k y\u00fczde 50&#8217;sinin kontrolden \u00e7\u0131kt\u0131\u011f\u0131n\u0131, y\u00fczde 20&#8217;sinin ise \u015fu anda kontrolden \u00e7\u0131kt\u0131\u011f\u0131n\u0131 belirtirken, a\u011f genelinde da\u011f\u0131t\u0131lan d\u00fc\u011f\u00fcm ve k\u00f6pr\u00fclerin hedef al\u0131nd\u0131\u011f\u0131na dikkat \u00e7eken Bakan, hasar\u0131n s\u0131n\u0131rl\u0131 oldu\u011fu b\u00f6lgelerde ise 85 k\u00f6pr\u00fcn\u00fcn y\u0131k\u0131ld\u0131\u011f\u0131n\u0131 ifade etti.<\/p>\n<p style=\"text-align: justify;\">H\u00fczeyim ayr\u0131ca, yol, k\u00f6pr\u00fc ve ba\u011fl\u0131 tesisler a\u011f\u0131n\u0131n u\u011frad\u0131\u011f\u0131 hasar\u0131n de\u011ferinin 1 milyar 350 milyar Suriye liras\u0131 oldu\u011funu, bu a\u011f\u0131 tekrar eski durumuna getirmek i\u00e7in ise 648 milyar Suriye liras\u0131 bak\u0131m maliyeti gerekti\u011fini kaydetti.<\/p>\n<p style=\"text-align: justify;\"><img loading=\"lazy\" decoding=\"async\" class=\"size-full wp-image-287373 alignright\" src=\"http:\/\/sana.sy\/tr\/wp-content\/uploads\/2023\/09\/375070718_685020240327451_5725277927371137477_n-copy-300x225-1.jpg\" alt=\"\" width=\"300\" height=\"225\" \/>Ula\u015ft\u0131rma Bakan\u0131,\u00a0 Humus Valili\u011fi&#8217;nde &#8220;Tal El Nebi Mandu, El Dar Kabira ve Asi Nehri&#8221; olmak \u00fczere 11 k\u00f6pr\u00fcn\u00fcn yan\u0131 s\u0131ra Palmira-Suhna yolu \u00fczerindeki 7 k\u00f6pr\u00fc ve Talbiseh K\u00f6pr\u00fcs\u00fc rehabilite edild ve \u00a0Deyrezzor Valili\u011fi&#8217;nde Cabacib ve Malha k\u00f6pr\u00fcleri, Dara Valili\u011fi&#8217;nde ise Sidon K\u00f6pr\u00fcs\u00fc de \u00a0rehabilite edildi&#8221; dedi.<\/p>\n<p style=\"text-align: justify;\">Buna kar\u015f\u0131l\u0131k, Karayolu Ta\u015f\u0131mac\u0131l\u0131\u011f\u0131 Genel Kurumu&#8217;nun y\u00f6netiminden sorumlu M\u00fchendis Curcus El Bu;ara, \u015eirketin merkezi yol a\u011f\u0131n\u0131n geli\u015ftirilmesi i\u00e7in tasar\u0131m, uygulama ve denetim de dahil olmak \u00fczere merkezi yollar i\u00e7in gerekli plan ve \u00e7al\u0131\u015fmalar\u0131 haz\u0131rlad\u0131\u011f\u0131n\u0131 belirtti.<\/p>\n<p><a href=\"https:\/\/t.me\/SuriyeArapHaberAjansI\">Telegram Kanal\u0131m\u0131z\u00a0<\/a><\/p>\n<p><a href=\"https:\/\/www.facebook.com\/SANAHaberAjansi\/\">Facebook Sayfam\u0131z<\/a><\/p>\n<p><a href=\"https:\/\/twitter.com\/arap_ajans\">Twitter Hesab\u0131m\u0131z<\/a><\/p>\n<div id='gallery-1' class='gallery galleryid-287370 gallery-columns-2 gallery-size-full'><figure class='gallery-item'>\n\t\t\t<div class='gallery-icon landscape'>\n\t\t\t\t<a href='https:\/\/archive.sana.sy\/tr\/wp-content\/uploads\/2023\/09\/374728519_685020250327450_6764427607984488914_n-copy.jpg'><img loading=\"lazy\" decoding=\"async\" width=\"660\" height=\"495\" src=\"https:\/\/archive.sana.sy\/tr\/wp-content\/uploads\/2023\/09\/374728519_685020250327450_6764427607984488914_n-copy.jpg\" class=\"attachment-full size-full\" alt=\"\" srcset=\"https:\/\/archive.sana.sy\/tr\/wp-content\/uploads\/2023\/09\/374728519_685020250327450_6764427607984488914_n-copy.jpg 660w, https:\/\/archive.sana.sy\/tr\/wp-content\/uploads\/2023\/09\/374728519_685020250327450_6764427607984488914_n-copy-300x225.jpg 300w\" sizes=\"auto, (max-width: 660px) 100vw, 660px\" \/><\/a>\n\t\t\t<\/div><\/figure><figure class='gallery-item'>\n\t\t\t<div class='gallery-icon landscape'>\n\t\t\t\t<a href='https:\/\/archive.sana.sy\/tr\/wp-content\/uploads\/2023\/09\/374739519_685020300327445_8146328370874864804_n-copy.jpg'><img loading=\"lazy\" decoding=\"async\" width=\"660\" height=\"495\" src=\"https:\/\/archive.sana.sy\/tr\/wp-content\/uploads\/2023\/09\/374739519_685020300327445_8146328370874864804_n-copy.jpg\" class=\"attachment-full size-full\" alt=\"\" srcset=\"https:\/\/archive.sana.sy\/tr\/wp-content\/uploads\/2023\/09\/374739519_685020300327445_8146328370874864804_n-copy.jpg 660w, https:\/\/archive.sana.sy\/tr\/wp-content\/uploads\/2023\/09\/374739519_685020300327445_8146328370874864804_n-copy-300x225.jpg 300w\" sizes=\"auto, (max-width: 660px) 100vw, 660px\" \/><\/a>\n\t\t\t<\/div><\/figure>\n\t\t<\/div>\n\n","protected":false},"excerpt":{"rendered":"<p>\u015eAM 03 EYL\u00dcL (SANA) &#8211;\u00a0 Ula\u015ft\u0131rma Bakanl\u0131\u011f\u0131, Halep, Humus, Deyrezzor ve Dera illerinde ter\u00f6r nedeniyle tahrip edilen yol ve k\u00f6pr\u00fclerde en \u00e7ok zarar g\u00f6ren ve de\u011feri yakla\u015f\u0131k 325 milyar Suriye liras\u0131 olan yerlerin bak\u0131m ve rehabilitasyonunu tamamlad\u0131. Ula\u015ft\u0131rma Bakan\u0131 M\u00fchendis Z\u00fcheyir H\u00fczeyim, SANA muhabirine yapt\u0131\u011f\u0131 a\u00e7\u0131klamada, Bakanl\u0131k, karayolu ula\u015f\u0131m\u0131 alan\u0131ndaki plan\u0131 kapsam\u0131nda, ter\u00f6ristlerin hedefi olmas\u0131 &hellip;<\/p>\n","protected":false},"author":41,"featured_media":287371,"comment_status":"closed","ping_status":"closed","sticky":false,"template":"","format":"standard","meta":{"footnotes":""},"categories":[479,17988,478],"tags":[],"class_list":["post-287370","post","type-post","status-publish","format-standard","has-post-thumbnail","","category-haberler-yerel","category-son-haberler","category-yerel"],"_links":{"self":[{"href":"https:\/\/archive.sana.sy\/tr\/index.php?rest_route=\/wp\/v2\/posts\/287370","targetHints":{"allow":["GET"]}}],"collection":[{"href":"https:\/\/archive.sana.sy\/tr\/index.php?rest_route=\/wp\/v2\/posts"}],"about":[{"href":"https:\/\/archive.sana.sy\/tr\/index.php?rest_route=\/wp\/v2\/types\/post"}],"author":[{"embeddable":true,"href":"https:\/\/archive.sana.sy\/tr\/index.php?rest_route=\/wp\/v2\/users\/41"}],"replies":[{"embeddable":true,"href":"https:\/\/archive.sana.sy\/tr\/index.php?rest_route=%2Fwp%2Fv2%2Fcomments&post=287370"}],"version-history":[{"count":3,"href":"https:\/\/archive.sana.sy\/tr\/index.php?rest_route=\/wp\/v2\/posts\/287370\/revisions"}],"predecessor-version":[{"id":287539,"href":"https:\/\/archive.sana.sy\/tr\/index.php?rest_route=\/wp\/v2\/posts\/287370\/revisions\/287539"}],"wp:featuredmedia":[{"embeddable":true,"href":"https:\/\/archive.sana.sy\/tr\/index.php?rest_route=\/wp\/v2\/media\/287371"}],"wp:attachment":[{"href":"https:\/\/archive.sana.sy\/tr\/index.php?rest_route=%2Fwp%2Fv2%2Fmedia&parent=287370"}],"wp:term":[{"taxonomy":"category","embeddable":true,"href":"https:\/\/archive.sana.sy\/tr\/index.php?rest_route=%2Fwp%2Fv2%2Fcategories&post=287370"},{"taxonomy":"post_tag","embeddable":true,"href":"https:\/\/archive.sana.sy\/tr\/index.php?rest_route=%2Fwp%2Fv2%2Ftags&post=287370"}],"curies":[{"name":"wp","href":"https:\/\/api.w.org\/{rel}","templated":true}]}}