{"id":287381,"date":"2023-09-03T10:53:11","date_gmt":"2023-09-03T07:53:11","guid":{"rendered":"https:\/\/sana.sy\/tr\/?p=287381"},"modified":"2023-09-05T13:49:47","modified_gmt":"2023-09-05T10:49:47","slug":"urdunde-duzenlenen-bati-asya-sampiyonasinda-suriye-karate-takimina-9-madalya-kazandi","status":"publish","type":"post","link":"https:\/\/archive.sana.sy\/tr\/?p=287381","title":{"rendered":"\u00dcrd\u00fcn&#8217;de D\u00fczenlenen Bat\u0131 Asya \u015eampiyonas\u0131&#8217;nda Suriye Karate Tak\u0131m\u0131na 9 Madalya Kazand\u0131"},"content":{"rendered":"<p style=\"text-align: justify;\"><strong>AMMAN 3 Eyl\u00fcl (SANA)<\/strong> \u2013 Suriye karate tak\u0131m\u0131, bug\u00fcn \u00dcrd\u00fcn&#8217;\u00fcn ba\u015fkenti Amman&#8217;da ger\u00e7ekle\u015ftirilen Bat\u0131 Asya \u015eampiyonas\u0131&#8217;nda 1 g\u00fcm\u00fc\u015f, 8 bronz madalya kazand\u0131.<\/p>\n<p style=\"text-align: justify;\"><img loading=\"lazy\" decoding=\"async\" class=\"size-full wp-image-287383 alignright\" src=\"http:\/\/sana.sy\/tr\/wp-content\/uploads\/2023\/09\/photo_2023-09-03_11-05-40-300x166-1.jpg\" alt=\"\" width=\"300\" height=\"166\" \/><\/p>\n<p>Bronz madalyay\u0131 ise, 57 kg alt\u0131 kategorisinde Rayyan Nasr, 55 kg alt\u0131 kategorisinde Ha\u015fim El H\u00fcsseyin, 50 kg alt\u0131 kategorisinde Mustafa Am\u015fuk, 57 kg alt\u0131 kategorisinde Salva El Dari, 68 kg alt\u0131 kategorisinde Hadil Ebu Reslan ve Nazima Ali Beyk ve 68 kg \u00fcst\u00fc kategorisinde Hulud Ali&#8217;den geldi.<\/p>\n<p style=\"text-align: justify;\">G\u00fcm\u00fc\u015f madalyay\u0131 ise, 53 kg alt\u0131 kategorisinde Melika \u015eeyh Mus kazand\u0131.<\/p>\n<p><a href=\"https:\/\/t.me\/SuriyeArapHaberAjansI\">Telegram Kanal\u0131m\u0131z\u00a0<\/a><\/p>\n<p><a href=\"https:\/\/www.facebook.com\/SANAHaberAjansi\/\">Facebook Sayfam\u0131z<\/a><\/p>\n<p><a href=\"https:\/\/twitter.com\/arap_ajans\">Twitter Hesab\u0131m\u0131z<\/a><\/p>\n","protected":false},"excerpt":{"rendered":"<p>AMMAN 3 Eyl\u00fcl (SANA) \u2013 Suriye karate tak\u0131m\u0131, bug\u00fcn \u00dcrd\u00fcn&#8217;\u00fcn ba\u015fkenti Amman&#8217;da ger\u00e7ekle\u015ftirilen Bat\u0131 Asya \u015eampiyonas\u0131&#8217;nda 1 g\u00fcm\u00fc\u015f, 8 bronz madalya kazand\u0131. Bronz madalyay\u0131 ise, 57 kg alt\u0131 kategorisinde Rayyan Nasr, 55 kg alt\u0131 kategorisinde Ha\u015fim El H\u00fcsseyin, 50 kg alt\u0131 kategorisinde Mustafa Am\u015fuk, 57 kg alt\u0131 kategorisinde Salva El Dari, 68 kg alt\u0131 kategorisinde &hellip;<\/p>\n","protected":false},"author":39,"featured_media":287382,"comment_status":"closed","ping_status":"closed","sticky":false,"template":"","format":"standard","meta":{"footnotes":""},"categories":[498,17988,496],"tags":[],"class_list":["post-287381","post","type-post","status-publish","format-standard","has-post-thumbnail","","category-dunya-turnuvalari","category-son-haberler","category-spor"],"_links":{"self":[{"href":"https:\/\/archive.sana.sy\/tr\/index.php?rest_route=\/wp\/v2\/posts\/287381","targetHints":{"allow":["GET"]}}],"collection":[{"href":"https:\/\/archive.sana.sy\/tr\/index.php?rest_route=\/wp\/v2\/posts"}],"about":[{"href":"https:\/\/archive.sana.sy\/tr\/index.php?rest_route=\/wp\/v2\/types\/post"}],"author":[{"embeddable":true,"href":"https:\/\/archive.sana.sy\/tr\/index.php?rest_route=\/wp\/v2\/users\/39"}],"replies":[{"embeddable":true,"href":"https:\/\/archive.sana.sy\/tr\/index.php?rest_route=%2Fwp%2Fv2%2Fcomments&post=287381"}],"version-history":[{"count":5,"href":"https:\/\/archive.sana.sy\/tr\/index.php?rest_route=\/wp\/v2\/posts\/287381\/revisions"}],"predecessor-version":[{"id":287480,"href":"https:\/\/archive.sana.sy\/tr\/index.php?rest_route=\/wp\/v2\/posts\/287381\/revisions\/287480"}],"wp:featuredmedia":[{"embeddable":true,"href":"https:\/\/archive.sana.sy\/tr\/index.php?rest_route=\/wp\/v2\/media\/287382"}],"wp:attachment":[{"href":"https:\/\/archive.sana.sy\/tr\/index.php?rest_route=%2Fwp%2Fv2%2Fmedia&parent=287381"}],"wp:term":[{"taxonomy":"category","embeddable":true,"href":"https:\/\/archive.sana.sy\/tr\/index.php?rest_route=%2Fwp%2Fv2%2Fcategories&post=287381"},{"taxonomy":"post_tag","embeddable":true,"href":"https:\/\/archive.sana.sy\/tr\/index.php?rest_route=%2Fwp%2Fv2%2Ftags&post=287381"}],"curies":[{"name":"wp","href":"https:\/\/api.w.org\/{rel}","templated":true}]}}