{"id":287544,"date":"2023-09-04T09:58:52","date_gmt":"2023-09-04T06:58:52","guid":{"rendered":"https:\/\/sana.sy\/tr\/?p=287544"},"modified":"2023-09-05T13:46:55","modified_gmt":"2023-09-05T10:46:55","slug":"rus-gucleri-karadenizde-ukraynali-kuvvetlerini-tasiyan-4-savas-botunu-imha-etti","status":"publish","type":"post","link":"https:\/\/archive.sana.sy\/tr\/?p=287544","title":{"rendered":"Rus G\u00fc\u00e7leri Karadeniz&#8217;de Ukraynal\u0131 Kuvvetlerini Ta\u015f\u0131yan 4 Sava\u015f Botunu \u0130mha Etti"},"content":{"rendered":"<p style=\"text-align: justify;\"><strong>MOSKOVA 4 EYL\u00dcL (SANA)<\/strong> \u2013 Rusya Savunma Bakanl\u0131\u011f\u0131, Rus Hava g\u00fc\u00e7lerinin bug\u00fcn K\u0131r\u0131m Yar\u0131madas\u0131&#8217;n\u0131n bat\u0131s\u0131ndaki Tarkhankut b\u00f6lgesine do\u011fru ilerleyen Ukraynal\u0131 kuvvetlerini ta\u015f\u0131yan 4 Amerikan yap\u0131m\u0131 sava\u015f botunu imha etti\u011fini ilan etti.<\/p>\n<p style=\"text-align: justify;\">Bakanl\u0131k, RUSYA BUG\u00dcN&#8217;\u00fcn haberine g\u00f6re yapt\u0131\u011f\u0131 a\u00e7\u0131klamada: &#8220;Karadeniz Filosuna ait sava\u015f u\u00e7aklar\u0131, Tarkhankut b\u00f6lgesine do\u011fru yola \u00e7\u0131kan Ukraynal\u0131 kuvvetlerini ta\u015f\u0131yan d\u00f6rt ABD yap\u0131m\u0131 askeri botu imha etti\u201d dedi.<\/p>\n<p style=\"text-align: justify;\">Bakanl\u0131k ayr\u0131ca: &#8220;Rus hava savunma sistemleri Kursk b\u00f6lgesinde ve Karadeniz \u00fczerinde K\u0131r\u0131m Yar\u0131madas\u0131 yak\u0131nlar\u0131nda iki Ukrayna insans\u0131z hava arac\u0131n\u0131 durduruldu&#8221;belirtti.<\/p>\n<p><a href=\"https:\/\/t.me\/SuriyeArapHaberAjansI\">Telegram Kanal\u0131m\u0131z\u00a0<\/a><\/p>\n<p><a href=\"https:\/\/www.facebook.com\/SANAHaberAjansi\/\">Facebook Sayfam\u0131z<\/a><\/p>\n<p><a href=\"https:\/\/twitter.com\/arap_ajans\">Twitter Hesab\u0131m\u0131z<\/a><\/p>\n","protected":false},"excerpt":{"rendered":"<p>MOSKOVA 4 EYL\u00dcL (SANA) \u2013 Rusya Savunma Bakanl\u0131\u011f\u0131, Rus Hava g\u00fc\u00e7lerinin bug\u00fcn K\u0131r\u0131m Yar\u0131madas\u0131&#8217;n\u0131n bat\u0131s\u0131ndaki Tarkhankut b\u00f6lgesine do\u011fru ilerleyen Ukraynal\u0131 kuvvetlerini ta\u015f\u0131yan 4 Amerikan yap\u0131m\u0131 sava\u015f botunu imha etti\u011fini ilan etti. Bakanl\u0131k, RUSYA BUG\u00dcN&#8217;\u00fcn haberine g\u00f6re yapt\u0131\u011f\u0131 a\u00e7\u0131klamada: &#8220;Karadeniz Filosuna ait sava\u015f u\u00e7aklar\u0131, Tarkhankut b\u00f6lgesine do\u011fru yola \u00e7\u0131kan Ukraynal\u0131 kuvvetlerini ta\u015f\u0131yan d\u00f6rt ABD yap\u0131m\u0131 askeri &hellip;<\/p>\n","protected":false},"author":39,"featured_media":287545,"comment_status":"closed","ping_status":"closed","sticky":false,"template":"","format":"standard","meta":{"footnotes":""},"categories":[458,459,17988],"tags":[],"class_list":["post-287544","post","type-post","status-publish","format-standard","has-post-thumbnail","","category-dunya1","category-haberler-arap-uluslararasi-politika","category-son-haberler"],"_links":{"self":[{"href":"https:\/\/archive.sana.sy\/tr\/index.php?rest_route=\/wp\/v2\/posts\/287544","targetHints":{"allow":["GET"]}}],"collection":[{"href":"https:\/\/archive.sana.sy\/tr\/index.php?rest_route=\/wp\/v2\/posts"}],"about":[{"href":"https:\/\/archive.sana.sy\/tr\/index.php?rest_route=\/wp\/v2\/types\/post"}],"author":[{"embeddable":true,"href":"https:\/\/archive.sana.sy\/tr\/index.php?rest_route=\/wp\/v2\/users\/39"}],"replies":[{"embeddable":true,"href":"https:\/\/archive.sana.sy\/tr\/index.php?rest_route=%2Fwp%2Fv2%2Fcomments&post=287544"}],"version-history":[{"count":2,"href":"https:\/\/archive.sana.sy\/tr\/index.php?rest_route=\/wp\/v2\/posts\/287544\/revisions"}],"predecessor-version":[{"id":287547,"href":"https:\/\/archive.sana.sy\/tr\/index.php?rest_route=\/wp\/v2\/posts\/287544\/revisions\/287547"}],"wp:featuredmedia":[{"embeddable":true,"href":"https:\/\/archive.sana.sy\/tr\/index.php?rest_route=\/wp\/v2\/media\/287545"}],"wp:attachment":[{"href":"https:\/\/archive.sana.sy\/tr\/index.php?rest_route=%2Fwp%2Fv2%2Fmedia&parent=287544"}],"wp:term":[{"taxonomy":"category","embeddable":true,"href":"https:\/\/archive.sana.sy\/tr\/index.php?rest_route=%2Fwp%2Fv2%2Fcategories&post=287544"},{"taxonomy":"post_tag","embeddable":true,"href":"https:\/\/archive.sana.sy\/tr\/index.php?rest_route=%2Fwp%2Fv2%2Ftags&post=287544"}],"curies":[{"name":"wp","href":"https:\/\/api.w.org\/{rel}","templated":true}]}}