{"id":287550,"date":"2023-09-04T10:25:57","date_gmt":"2023-09-04T07:25:57","guid":{"rendered":"https:\/\/sana.sy\/tr\/?p=287550"},"modified":"2023-09-05T13:47:06","modified_gmt":"2023-09-05T10:47:06","slug":"tubasta-israil-isgal-guclerinin-kursunlariyla-bir-kadin-yaralandi-ve-digerleri-de-tutuklandi","status":"publish","type":"post","link":"https:\/\/archive.sana.sy\/tr\/?p=287550","title":{"rendered":"Tubas&#8217;ta \u0130srail \u0130\u015fgal G\u00fc\u00e7lerinin Kur\u015funlar\u0131yla Bir Kad\u0131n Yaraland\u0131 Ve Di\u011ferleri De Tutukland\u0131"},"content":{"rendered":"<p style=\"text-align: justify;\"><strong>\u0130\u015eGAL ED\u0130LEN KUD\u00dcS 4 EYL\u00dcL (SANA)<\/strong> \u2013 \u0130srail i\u015fgal g\u00fc\u00e7lerinin bug\u00fcn Bat\u0131 \u015eeria&#8217;n\u0131n Tubas kentinin g\u00fcneyindeki Tammun kasabas\u0131na d\u00fczenledi\u011fi bask\u0131nlarda Filistinli bir kad\u0131n yaraland\u0131, bir di\u011feri de tutukland\u0131.<\/p>\n<p style=\"text-align: justify;\">WAFA Haber Ajans\u0131, i\u015fgal g\u00fc\u00e7lerinin, Tammun kasabaya bask\u0131n d\u00fczenledi\u011fini ve Filistinlilere ate\u015f ederek sald\u0131rd\u0131\u011f\u0131n\u0131, bir kad\u0131n\u0131 yaralad\u0131\u011f\u0131n\u0131 ve bir Filistinliyi de tutuklad\u0131\u011f\u0131n\u0131 belirtti.<\/p>\n<p><a href=\"https:\/\/t.me\/SuriyeArapHaberAjansI\">Telegram Kanal\u0131m\u0131z\u00a0<\/a><\/p>\n<p><a href=\"https:\/\/www.facebook.com\/SANAHaberAjansi\/\">Facebook Sayfam\u0131z<\/a><\/p>\n<p><a href=\"https:\/\/twitter.com\/arap_ajans\">Twitter Hesab\u0131m\u0131z<\/a><\/p>\n","protected":false},"excerpt":{"rendered":"<p>\u0130\u015eGAL ED\u0130LEN KUD\u00dcS 4 EYL\u00dcL (SANA) \u2013 \u0130srail i\u015fgal g\u00fc\u00e7lerinin bug\u00fcn Bat\u0131 \u015eeria&#8217;n\u0131n Tubas kentinin g\u00fcneyindeki Tammun kasabas\u0131na d\u00fczenledi\u011fi bask\u0131nlarda Filistinli bir kad\u0131n yaraland\u0131, bir di\u011feri de tutukland\u0131. WAFA Haber Ajans\u0131, i\u015fgal g\u00fc\u00e7lerinin, Tammun kasabaya bask\u0131n d\u00fczenledi\u011fini ve Filistinlilere ate\u015f ederek sald\u0131rd\u0131\u011f\u0131n\u0131, bir kad\u0131n\u0131 yaralad\u0131\u011f\u0131n\u0131 ve bir Filistinliyi de tutuklad\u0131\u011f\u0131n\u0131 belirtti. Telegram Kanal\u0131m\u0131z\u00a0 Facebook Sayfam\u0131z &hellip;<\/p>\n","protected":false},"author":39,"featured_media":287551,"comment_status":"closed","ping_status":"closed","sticky":false,"template":"","format":"standard","meta":{"footnotes":""},"categories":[458,459,17988],"tags":[39591,38550],"class_list":["post-287550","post","type-post","status-publish","format-standard","has-post-thumbnail","","category-dunya1","category-haberler-arap-uluslararasi-politika","category-son-haberler","tag-bati-serianin-tubas-kenti","tag-wafa-haber-ajansi"],"_links":{"self":[{"href":"https:\/\/archive.sana.sy\/tr\/index.php?rest_route=\/wp\/v2\/posts\/287550","targetHints":{"allow":["GET"]}}],"collection":[{"href":"https:\/\/archive.sana.sy\/tr\/index.php?rest_route=\/wp\/v2\/posts"}],"about":[{"href":"https:\/\/archive.sana.sy\/tr\/index.php?rest_route=\/wp\/v2\/types\/post"}],"author":[{"embeddable":true,"href":"https:\/\/archive.sana.sy\/tr\/index.php?rest_route=\/wp\/v2\/users\/39"}],"replies":[{"embeddable":true,"href":"https:\/\/archive.sana.sy\/tr\/index.php?rest_route=%2Fwp%2Fv2%2Fcomments&post=287550"}],"version-history":[{"count":2,"href":"https:\/\/archive.sana.sy\/tr\/index.php?rest_route=\/wp\/v2\/posts\/287550\/revisions"}],"predecessor-version":[{"id":287627,"href":"https:\/\/archive.sana.sy\/tr\/index.php?rest_route=\/wp\/v2\/posts\/287550\/revisions\/287627"}],"wp:featuredmedia":[{"embeddable":true,"href":"https:\/\/archive.sana.sy\/tr\/index.php?rest_route=\/wp\/v2\/media\/287551"}],"wp:attachment":[{"href":"https:\/\/archive.sana.sy\/tr\/index.php?rest_route=%2Fwp%2Fv2%2Fmedia&parent=287550"}],"wp:term":[{"taxonomy":"category","embeddable":true,"href":"https:\/\/archive.sana.sy\/tr\/index.php?rest_route=%2Fwp%2Fv2%2Fcategories&post=287550"},{"taxonomy":"post_tag","embeddable":true,"href":"https:\/\/archive.sana.sy\/tr\/index.php?rest_route=%2Fwp%2Fv2%2Ftags&post=287550"}],"curies":[{"name":"wp","href":"https:\/\/api.w.org\/{rel}","templated":true}]}}