{"id":28761,"date":"2015-04-06T21:06:58","date_gmt":"2015-04-06T18:06:58","guid":{"rendered":"http:\/\/www.sana.sy\/tr\/?p=28761"},"modified":"2015-04-07T13:29:48","modified_gmt":"2015-04-07T10:29:48","slug":"vatan-hainleri-ve-radikal-teroristlerin-agir-kayiplari-suruyor","status":"publish","type":"post","link":"https:\/\/archive.sana.sy\/tr\/?p=28761","title":{"rendered":"Vatan Hainleri ve Radikal Ter\u00f6ristlerin A\u011f\u0131r Kay\u0131plar\u0131 S\u00fcr\u00fcyor"},"content":{"rendered":"<p>\u0130LLER \u2013 Ordu birliklerimiz vatan topraklar\u0131n\u0131n her kar\u0131\u015f\u0131n\u0131 d\u0131\u015f destekli ter\u00f6r \u00e7etelere kar\u015f\u0131 savunmaya devam ederek, radikal ve hain ter\u00f6ristlerin a\u011f\u0131r kay\u0131plar\u0131 s\u00fcr\u00fcyor<\/p>\n<p><span style=\"color: #0000ff\">Kunaytra K\u0131rsal\u0131nda Ara\u00e7lar\u0131 \u0130mha Edildi<\/span><\/p>\n<p>Askeri kaynak ordu birliklerimizin Kunaytra k\u0131rsal\u0131 Nebii el Sahr K\u00f6y\u00fc bulvar\u0131nda Nusra Cephesi ter\u00f6ristlerine ait birka\u00e7 arac\u0131 ta\u015f\u0131d\u0131klar\u0131 ter\u00f6rist ve cephaneyle birlikte imha ettiklerini s\u00f6yledi.<\/p>\n<p>Askeri kaynak; ordu birliklerimizin Kunaytra k\u0131rsal\u0131n\u0131n kuzeybat\u0131s\u0131 Cebbata el Ha\u015fab k\u00f6y\u00fcnden Tel el Ahmar ve Emel \u00c7iftliklerine s\u0131zmaya \u00e7al\u0131\u015fan ter\u00f6ristlerle \u00e7at\u0131\u015fmaya girdiklerini ifade etti.<\/p>\n<p>Kunaytra Valili\u011finde bir kaynak SANA\u2019ya a\u00e7\u0131klamas\u0131nda \u00e7at\u0131\u015fmada 10\u2019dan fazla ter\u00f6ristin \u00f6ld\u00fcr\u00fcl\u00fcp onlarca ter\u00f6ristin de yaraland\u0131\u011f\u0131n\u0131 aktar\u0131rken geriye kalanlar\u0131n Cebbata el Ha\u015fab K\u00f6y\u00fcne geri ka\u00e7t\u0131klar\u0131n\u0131 s\u00f6yledi.<\/p>\n<p><span style=\"color: #0000ff\">Dera K\u0131rsal\u0131nda Aralar\u0131nda Saha Komutanlar\u0131n\u0131n Bulundu\u011fu Onlarca Ter\u00f6rist \u00d6ld\u00fcr\u00fcld\u00fc<\/span><\/p>\n<p>Dera k\u0131rsal\u0131nda ise askeri kaynak ordu birliklerimizin Semlin, Zemrin, Bat\u0131 Gariye ve Tel el Hara b\u00f6lgelerinde \u0130srail ve \u00dcrd\u00fcn\u2019\u00fcn destekledikleri ter\u00f6rist \u00f6rg\u00fct saflar\u0131nda \u00e7ok say\u0131da ter\u00f6risti \u00f6l\u00fc ve yaral\u0131 d\u00fc\u015f\u00fcrd\u00fcklerini belirtti. Kaynak \u00f6ld\u00fcr\u00fclen ter\u00f6ristlerin aras\u0131nda tehlikeli saha komutanlar\u0131n\u0131n bulundu\u011funu a\u00e7\u0131klad\u0131.<\/p>\n<p>Kaynak; operasyonlarda ter\u00f6ristlere ait f\u00fcze rampalar\u0131, ara\u00e7, silah ve m\u00fchimmatlar\u0131n imha edilip Nusra Cephesi ve di\u011fer \u00f6rg\u00fctlere tabi \u00e7etelerden \u00e7ok say\u0131da ter\u00f6ristin \u00f6l\u00fc ve yaral\u0131 d\u00fc\u015f\u00fcr\u00fcld\u00fc\u011f\u00fcne dikkat \u00e7ekti.<\/p>\n<p>Di\u011fer yandan ordu birliklerimiz \u00dcrd\u00fcn s\u0131n\u0131rlar\u0131na yak\u0131n d\u00fc\u015fen Hurbet Avvad K\u00f6y\u00fcnde radikal \u00f6rg\u00fctlerin yuva ve karargahlar\u0131n\u0131 muhtevalar\u0131yla imha etti.Di\u011fer yandan ordu birliklerimiz \u00dcrd\u00fcn s\u0131n\u0131rlar\u0131na yak\u0131n d\u00fc\u015fen Hurbet Avvad K\u00f6y\u00fcnde radikal \u00f6rg\u00fctlerin yuva ve karargahlar\u0131n\u0131 muhtevalar\u0131yla imha etti.<\/p>\n<p><span style=\"color: #0000ff\">Homs K\u0131rsal\u0131nda A\u011f\u0131r Silahlar\u0131yla Etkisizle\u015ftirildiler<\/span><\/p>\n<p>\u00d6te yandan ordu birliklerimiz Homs iline tabi Resten B\u00f6lgesine ilaveten Mesada, Ebu Havadit ve Do\u011fu Sellam b\u00f6lgelerinde Nusra Cephesinin karargah ve yuvalar\u0131n\u0131 hedef al\u0131rken, sald\u0131r\u0131lar\u0131nda kulland\u0131klar\u0131 ara\u00e7 ve a\u011f\u0131r silahlar\u0131n yan\u0131 s\u0131ra havan toplar\u0131n\u0131 imha etti.<\/p>\n<p>Homs k\u0131rsal\u0131n\u0131n do\u011fusu Rhum B\u00f6lgesinde ise ordu birliklerimiz I\u015e\u0130D tekfircilerini be\u015feri ve askeri a\u011f\u0131r kay\u0131plara u\u011fratt\u0131.<\/p>\n<p>Ordu birliklerimiz Homs k\u0131rsal\u0131n\u0131n do\u011fusu G\u00fcney M\u015feyrfe, el Salhiye, Bat\u0131 Sellam ve Ar\u015fune b\u00f6lgelerinde ter\u00f6ristlerin toplanma yerlerini hedef alarak Al Suud rejiminin destekledi\u011fi Nusra Cephesi ve \u2018Ahrar el \u015eam \u0130slami Hareketi\u2019nin saflar\u0131nda \u00e7ok say\u0131da ter\u00f6risti \u00f6l\u00fc ve yaral\u0131 d\u00fc\u015f\u00fcrd\u00fc.<\/p>\n<p>A.A. &#8211; M.M. &#8211; R.H.<\/p>\n","protected":false},"excerpt":{"rendered":"<p>\u0130LLER \u2013 Ordu birliklerimiz vatan topraklar\u0131n\u0131n her kar\u0131\u015f\u0131n\u0131 d\u0131\u015f destekli ter\u00f6r \u00e7etelere kar\u015f\u0131 savunmaya devam ederek, radikal ve hain ter\u00f6ristlerin a\u011f\u0131r kay\u0131plar\u0131 s\u00fcr\u00fcyor Kunaytra K\u0131rsal\u0131nda Ara\u00e7lar\u0131 \u0130mha Edildi Askeri kaynak ordu birliklerimizin Kunaytra k\u0131rsal\u0131 Nebii el Sahr K\u00f6y\u00fc bulvar\u0131nda Nusra Cephesi ter\u00f6ristlerine ait birka\u00e7 arac\u0131 ta\u015f\u0131d\u0131klar\u0131 ter\u00f6rist ve cephaneyle birlikte imha ettiklerini s\u00f6yledi. Askeri kaynak; &hellip;<\/p>\n","protected":false},"author":1,"featured_media":28762,"comment_status":"closed","ping_status":"closed","sticky":false,"template":"","format":"standard","meta":{"footnotes":""},"categories":[575],"tags":[13304,13303],"class_list":["post-28761","post","type-post","status-publish","format-standard","has-post-thumbnail","","category-olaylar-ve-gercekler","tag-radikal-ve-hain-teroristlerin-agir-kayiplari-suruyor","tag-vatan-hainleri-ve-radikal-teroristlerin-agir-kayiplari-suruyor-iller-ordu-birliklerimiz-vatan-topraklarinin-her-karisini-dis-destekli-teror-cetelere-karsi-savunmaya-devam-ederek"],"_links":{"self":[{"href":"https:\/\/archive.sana.sy\/tr\/index.php?rest_route=\/wp\/v2\/posts\/28761","targetHints":{"allow":["GET"]}}],"collection":[{"href":"https:\/\/archive.sana.sy\/tr\/index.php?rest_route=\/wp\/v2\/posts"}],"about":[{"href":"https:\/\/archive.sana.sy\/tr\/index.php?rest_route=\/wp\/v2\/types\/post"}],"author":[{"embeddable":true,"href":"https:\/\/archive.sana.sy\/tr\/index.php?rest_route=\/wp\/v2\/users\/1"}],"replies":[{"embeddable":true,"href":"https:\/\/archive.sana.sy\/tr\/index.php?rest_route=%2Fwp%2Fv2%2Fcomments&post=28761"}],"version-history":[{"count":0,"href":"https:\/\/archive.sana.sy\/tr\/index.php?rest_route=\/wp\/v2\/posts\/28761\/revisions"}],"wp:featuredmedia":[{"embeddable":true,"href":"https:\/\/archive.sana.sy\/tr\/index.php?rest_route=\/wp\/v2\/media\/28762"}],"wp:attachment":[{"href":"https:\/\/archive.sana.sy\/tr\/index.php?rest_route=%2Fwp%2Fv2%2Fmedia&parent=28761"}],"wp:term":[{"taxonomy":"category","embeddable":true,"href":"https:\/\/archive.sana.sy\/tr\/index.php?rest_route=%2Fwp%2Fv2%2Fcategories&post=28761"},{"taxonomy":"post_tag","embeddable":true,"href":"https:\/\/archive.sana.sy\/tr\/index.php?rest_route=%2Fwp%2Fv2%2Ftags&post=28761"}],"curies":[{"name":"wp","href":"https:\/\/api.w.org\/{rel}","templated":true}]}}