{"id":287619,"date":"2023-09-05T09:39:06","date_gmt":"2023-09-05T06:39:06","guid":{"rendered":"https:\/\/sana.sy\/tr\/?p=287619"},"modified":"2023-09-06T08:06:53","modified_gmt":"2023-09-06T05:06:53","slug":"su-kaynaklari-alaninda-suriye-cin-gorusmeleri","status":"publish","type":"post","link":"https:\/\/archive.sana.sy\/tr\/?p=287619","title":{"rendered":"Su Kaynaklar\u0131 Alan\u0131nda Suriye-\u00c7in G\u00f6r\u00fc\u015fmeleri"},"content":{"rendered":"<p style=\"text-align: justify;\"><strong>\u015eAM 5 EYL\u00dcL (SANA)<\/strong> \u2013 Su Kaynaklar\u0131 Bakan\u0131 Tammam Raad, \u00c7in Halk Cumhuriyeti&#8217;nin \u015eam B\u00fcy\u00fckel\u00e7isi Shi Hongwei ve beraberindeki heyetle Bakanl\u0131\u011f\u0131n \u00e7al\u0131\u015fmalar\u0131 ve genel olarak su sekt\u00f6r\u00fcyle ilgili bir dizi konuyu g\u00f6r\u00fc\u015ft\u00fc.<\/p>\n<p style=\"text-align: justify;\">\u0130nsani kadro yeti\u015ftirme programlar\u0131 arac\u0131l\u0131\u011f\u0131yla teknik i\u015f birli\u011fi d\u00fczeyinin y\u00fckseltilmesinin yan\u0131 s\u0131ra, \u00c7in taraf\u0131n\u0131n desteklemeye ilgi duydu\u011funu ifade etti\u011fi, Bakanl\u0131\u011f\u0131n \u00e7al\u0131\u015fmalar\u0131 kapsam\u0131ndaki baz\u0131 \u00f6nemli ve \u00f6ncelikli projeler de sunuldu.<\/p>\n<p style=\"text-align: justify;\">Bakan Raad, \u015eam&#8217;daki Bakanl\u0131k binas\u0131nda ger\u00e7ekle\u015ftirilen toplant\u0131da, Su Kaynaklar\u0131 Bakanl\u0131\u011f\u0131 taraf\u0131ndan y\u00f6netilen sulama, i\u00e7me suyu ve sanitasyon sekt\u00f6rlerinin sosyal, ekonomik ve \u00e7evresel d\u00fczeyde b\u00fcy\u00fck \u00f6nemine dikkat \u00e7ekti.<\/p>\n<p style=\"text-align: justify;\">Raad ayr\u0131ca, Suriye&#8217;ye y\u00f6nelik ter\u00f6r sava\u015f\u0131n\u0131n bu sekt\u00f6rler \u00fczerindeki boyutlar\u0131 ve sonu\u00e7lar\u0131na, \u00f6zellikle de Suriye halk\u0131na uygulanan tek tarafl\u0131 zorlay\u0131c\u0131 yapt\u0131r\u0131mlar\u0131n ya\u015fam standard\u0131n\u0131 ve hizmetleri olumsuz etkilemesine ili\u015fkin bir sunum yapt\u0131.<\/p>\n<p style=\"text-align: justify;\">Kendi y\u00f6n\u00fcnden \u00c7in b\u00fcy\u00fckel\u00e7isi, \u00fclkesinin genel olarak halklara ve \u00f6zel olarak Suriye&#8217;ye y\u00f6nelik sald\u0131r\u0131lar\u0131 reddetme y\u00f6n\u00fcndeki kat\u0131 politikas\u0131n\u0131 a\u00e7\u0131klad\u0131 ve \u00fclkesinin Suriye halk\u0131na uygulanan tek tarafl\u0131 zorlay\u0131c\u0131 yapt\u0131r\u0131mlar\u0131n kald\u0131r\u0131lmas\u0131 \u00e7a\u011fr\u0131s\u0131n\u0131 yineledi.<\/p>\n<p style=\"text-align: justify;\">Hongwei, vatanda\u015flara hizmet sa\u011flama ve g\u0131da g\u00fcvenli\u011fi ile sosyal istikrar\u0131 destekleme konusundaki b\u00fcy\u00fck \u00f6nemi nedeniyle \u00c7in h\u00fck\u00fcmetinin Su Kaynaklar\u0131 Bakanl\u0131\u011f\u0131&#8217;n\u0131n \u00e7al\u0131\u015fma sekt\u00f6r\u00fcn\u00fc destekleme konusundaki ilgisine dikkat \u00e7ekti.<\/p>\n<p><a href=\"https:\/\/t.me\/SuriyeArapHaberAjansI\">Telegram Kanal\u0131m\u0131z\u00a0<\/a><\/p>\n<p><a href=\"https:\/\/www.facebook.com\/SANAHaberAjansi\/\">Facebook Sayfam\u0131z<\/a><\/p>\n<p><a href=\"https:\/\/twitter.com\/arap_ajans\">Twitter Hesab\u0131m\u0131z<\/a><\/p>\n","protected":false},"excerpt":{"rendered":"<p>\u015eAM 5 EYL\u00dcL (SANA) \u2013 Su Kaynaklar\u0131 Bakan\u0131 Tammam Raad, \u00c7in Halk Cumhuriyeti&#8217;nin \u015eam B\u00fcy\u00fckel\u00e7isi Shi Hongwei ve beraberindeki heyetle Bakanl\u0131\u011f\u0131n \u00e7al\u0131\u015fmalar\u0131 ve genel olarak su sekt\u00f6r\u00fcyle ilgili bir dizi konuyu g\u00f6r\u00fc\u015ft\u00fc. \u0130nsani kadro yeti\u015ftirme programlar\u0131 arac\u0131l\u0131\u011f\u0131yla teknik i\u015f birli\u011fi d\u00fczeyinin y\u00fckseltilmesinin yan\u0131 s\u0131ra, \u00c7in taraf\u0131n\u0131n desteklemeye ilgi duydu\u011funu ifade etti\u011fi, Bakanl\u0131\u011f\u0131n \u00e7al\u0131\u015fmalar\u0131 kapsam\u0131ndaki baz\u0131 &hellip;<\/p>\n","protected":false},"author":39,"featured_media":287620,"comment_status":"closed","ping_status":"closed","sticky":false,"template":"","format":"standard","meta":{"footnotes":""},"categories":[479,17988,478],"tags":[39523,39616],"class_list":["post-287619","post","type-post","status-publish","format-standard","has-post-thumbnail","","category-haberler-yerel","category-son-haberler","category-yerel","tag-cin-halk-cumhuriyetinin-sam-buyukelcisi-shi-hongwei","tag-su-kaynaklari-alaninda-suriye-cin-gorusmeleri"],"_links":{"self":[{"href":"https:\/\/archive.sana.sy\/tr\/index.php?rest_route=\/wp\/v2\/posts\/287619","targetHints":{"allow":["GET"]}}],"collection":[{"href":"https:\/\/archive.sana.sy\/tr\/index.php?rest_route=\/wp\/v2\/posts"}],"about":[{"href":"https:\/\/archive.sana.sy\/tr\/index.php?rest_route=\/wp\/v2\/types\/post"}],"author":[{"embeddable":true,"href":"https:\/\/archive.sana.sy\/tr\/index.php?rest_route=\/wp\/v2\/users\/39"}],"replies":[{"embeddable":true,"href":"https:\/\/archive.sana.sy\/tr\/index.php?rest_route=%2Fwp%2Fv2%2Fcomments&post=287619"}],"version-history":[{"count":3,"href":"https:\/\/archive.sana.sy\/tr\/index.php?rest_route=\/wp\/v2\/posts\/287619\/revisions"}],"predecessor-version":[{"id":287630,"href":"https:\/\/archive.sana.sy\/tr\/index.php?rest_route=\/wp\/v2\/posts\/287619\/revisions\/287630"}],"wp:featuredmedia":[{"embeddable":true,"href":"https:\/\/archive.sana.sy\/tr\/index.php?rest_route=\/wp\/v2\/media\/287620"}],"wp:attachment":[{"href":"https:\/\/archive.sana.sy\/tr\/index.php?rest_route=%2Fwp%2Fv2%2Fmedia&parent=287619"}],"wp:term":[{"taxonomy":"category","embeddable":true,"href":"https:\/\/archive.sana.sy\/tr\/index.php?rest_route=%2Fwp%2Fv2%2Fcategories&post=287619"},{"taxonomy":"post_tag","embeddable":true,"href":"https:\/\/archive.sana.sy\/tr\/index.php?rest_route=%2Fwp%2Fv2%2Ftags&post=287619"}],"curies":[{"name":"wp","href":"https:\/\/api.w.org\/{rel}","templated":true}]}}