{"id":287622,"date":"2023-09-05T10:00:11","date_gmt":"2023-09-05T07:00:11","guid":{"rendered":"https:\/\/sana.sy\/tr\/?p=287622"},"modified":"2023-09-06T08:06:56","modified_gmt":"2023-09-06T05:06:56","slug":"rusya-savunmasi-kiev-rejimi-tarafindan-moskovadaki-tesislere-yonelik-yeni-bir-teror-saldirisini-puskurttu","status":"publish","type":"post","link":"https:\/\/archive.sana.sy\/tr\/?p=287622","title":{"rendered":"Rusya Savunmas\u0131: Kiev Rejimi Taraf\u0131ndan Moskova&#8217;daki tesislere Y\u00f6nelik Yeni Bir Ter\u00f6r Sald\u0131r\u0131s\u0131n\u0131 P\u00fcsk\u00fcrtt\u00fc"},"content":{"rendered":"<p style=\"text-align: justify;\">MOSKOVA 5 EYL\u00dcL (SANA) \u2013 Rusya Savunma Bakanl\u0131\u011f\u0131, hava savunmas\u0131n\u0131n Moskova\u2019n\u0131n eteklerinde Ukrayna insans\u0131z hava ara\u00e7lar\u0131n\u0131 d\u00fc\u015f\u00fcrd\u00fc\u011f\u00fcn\u00fc duyurdu.<\/p>\n<p style=\"text-align: justify;\">RT web sitesinde g\u00f6re, bakanl\u0131\u011f\u0131n yapt\u0131\u011f\u0131 a\u00e7\u0131klamada, \u201cHava savunma sistemleri, Kiev rejiminin Rusya topraklar\u0131ndaki tesislere y\u00f6nelik yeni bir ter\u00f6rist sald\u0131r\u0131 giri\u015fimine insans\u0131z hava ara\u00e7lar\u0131n\u0131 kullanarak kar\u015f\u0131l\u0131k verdi\u201d dedi.<\/p>\n<p style=\"text-align: justify;\">Moskova Belediye Ba\u015fkan\u0131 Sergei Sobyanin ise, Moskova\u2019n\u0131n eteklerindeki Kaluga ve Istra b\u00f6lgelerinde \u015fehre sald\u0131r\u0131 d\u00fczenlemeye \u00e7al\u0131\u015fan iki \u0130HA\u2019n\u0131n hava savunma sistemleri taraf\u0131ndan d\u00fc\u015f\u00fcr\u00fcld\u00fc\u011f\u00fcn\u00fc a\u00e7\u0131klad\u0131.<\/p>\n<p style=\"text-align: justify;\">Sobyanin ayr\u0131ca, Moskova\u2019n\u0131n eteklerindeki Istra b\u00f6lgesinde bir y\u00fcr\u00fcy\u00fc\u015ften d\u00fc\u015fen molozlar nedeniyle sivil bir tesis hasar g\u00f6rd\u00fc\u011f\u00fcn\u00fc belirtti.<\/p>\n<p style=\"text-align: justify;\"><a href=\"https:\/\/t.me\/SuriyeArapHaberAjansI\">Telegram Kanal\u0131m\u0131z\u00a0<\/a><\/p>\n<p style=\"text-align: justify;\"><a href=\"https:\/\/www.facebook.com\/SANAHaberAjansi\/\">Facebook Sayfam\u0131z<\/a><\/p>\n<p style=\"text-align: justify;\"><a href=\"https:\/\/twitter.com\/arap_ajans\">Twitter Hesab\u0131m\u0131z<\/a><\/p>\n","protected":false},"excerpt":{"rendered":"<p>MOSKOVA 5 EYL\u00dcL (SANA) \u2013 Rusya Savunma Bakanl\u0131\u011f\u0131, hava savunmas\u0131n\u0131n Moskova\u2019n\u0131n eteklerinde Ukrayna insans\u0131z hava ara\u00e7lar\u0131n\u0131 d\u00fc\u015f\u00fcrd\u00fc\u011f\u00fcn\u00fc duyurdu. RT web sitesinde g\u00f6re, bakanl\u0131\u011f\u0131n yapt\u0131\u011f\u0131 a\u00e7\u0131klamada, \u201cHava savunma sistemleri, Kiev rejiminin Rusya topraklar\u0131ndaki tesislere y\u00f6nelik yeni bir ter\u00f6rist sald\u0131r\u0131 giri\u015fimine insans\u0131z hava ara\u00e7lar\u0131n\u0131 kullanarak kar\u015f\u0131l\u0131k verdi\u201d dedi. Moskova Belediye Ba\u015fkan\u0131 Sergei Sobyanin ise, Moskova\u2019n\u0131n eteklerindeki Kaluga &hellip;<\/p>\n","protected":false},"author":39,"featured_media":287623,"comment_status":"closed","ping_status":"closed","sticky":false,"template":"","format":"standard","meta":{"footnotes":""},"categories":[458,459,17988],"tags":[],"class_list":["post-287622","post","type-post","status-publish","format-standard","has-post-thumbnail","","category-dunya1","category-haberler-arap-uluslararasi-politika","category-son-haberler"],"_links":{"self":[{"href":"https:\/\/archive.sana.sy\/tr\/index.php?rest_route=\/wp\/v2\/posts\/287622","targetHints":{"allow":["GET"]}}],"collection":[{"href":"https:\/\/archive.sana.sy\/tr\/index.php?rest_route=\/wp\/v2\/posts"}],"about":[{"href":"https:\/\/archive.sana.sy\/tr\/index.php?rest_route=\/wp\/v2\/types\/post"}],"author":[{"embeddable":true,"href":"https:\/\/archive.sana.sy\/tr\/index.php?rest_route=\/wp\/v2\/users\/39"}],"replies":[{"embeddable":true,"href":"https:\/\/archive.sana.sy\/tr\/index.php?rest_route=%2Fwp%2Fv2%2Fcomments&post=287622"}],"version-history":[{"count":3,"href":"https:\/\/archive.sana.sy\/tr\/index.php?rest_route=\/wp\/v2\/posts\/287622\/revisions"}],"predecessor-version":[{"id":287626,"href":"https:\/\/archive.sana.sy\/tr\/index.php?rest_route=\/wp\/v2\/posts\/287622\/revisions\/287626"}],"wp:featuredmedia":[{"embeddable":true,"href":"https:\/\/archive.sana.sy\/tr\/index.php?rest_route=\/wp\/v2\/media\/287623"}],"wp:attachment":[{"href":"https:\/\/archive.sana.sy\/tr\/index.php?rest_route=%2Fwp%2Fv2%2Fmedia&parent=287622"}],"wp:term":[{"taxonomy":"category","embeddable":true,"href":"https:\/\/archive.sana.sy\/tr\/index.php?rest_route=%2Fwp%2Fv2%2Fcategories&post=287622"},{"taxonomy":"post_tag","embeddable":true,"href":"https:\/\/archive.sana.sy\/tr\/index.php?rest_route=%2Fwp%2Fv2%2Ftags&post=287622"}],"curies":[{"name":"wp","href":"https:\/\/api.w.org\/{rel}","templated":true}]}}