{"id":287632,"date":"2023-09-05T15:25:09","date_gmt":"2023-09-05T12:25:09","guid":{"rendered":"https:\/\/sana.sy\/tr\/?p=287632"},"modified":"2023-09-06T08:07:34","modified_gmt":"2023-09-06T05:07:34","slug":"sana-ve-prensa-latina-arasindaki-medya-ve-teknik-isbirliginin-guclendirilmesi-gorusuldu","status":"publish","type":"post","link":"https:\/\/archive.sana.sy\/tr\/?p=287632","title":{"rendered":"SANA Ve (Prensa Latina) Aras\u0131ndaki Medya Ve Teknik \u0130\u015fbirli\u011finin G\u00fc\u00e7lendirilmesi G\u00f6r\u00fc\u015f\u00fcld\u00fc"},"content":{"rendered":"<p style=\"text-align: justify;\"><strong>\u015eAM 05 EYL\u00dcL (SANA)<\/strong> \u2013\u00a0 Suriye ve K\u00fcba&#8217;n\u0131n kar\u015f\u0131 kar\u015f\u0131ya oldu\u011fu sald\u0131r\u0131 ve zorluklar\u0131n ger\u00e7ekli\u011fini aktarmak ve ortak \u00e7\u0131karlar\u0131n\u0131 savunmak i\u00e7in medya, teknik i\u015fbirli\u011fi ve ortak koordinasyonun g\u00fc\u00e7lendirilmesi, Suriye Arap Haber <img loading=\"lazy\" decoding=\"async\" class=\"size-full wp-image-287634 alignright\" src=\"http:\/\/sana.sy\/tr\/wp-content\/uploads\/2023\/09\/2-4-300x192-1.jpg\" alt=\"\" width=\"300\" height=\"192\" \/>Ajans\u0131 &#8220;SANA&#8221; Genel M\u00fcd\u00fcr\u00fc \u0130yad Vennus ile K\u00fcba Haber Ajans\u0131 &#8220;Prensa Latina&#8221; Direkt\u00f6r\u00fc Luis Enrique Gonzalez aras\u0131ndaki g\u00f6r\u00fc\u015fmede \u00f6ne \u00e7\u0131kan konular idi.<\/p>\n<p style=\"text-align: justify;\">Bug\u00fcn SANA binas\u0131nda ger\u00e7ekle\u015ftirilen ve K\u00fcba&#8217;n\u0131n \u015eam B\u00fcy\u00fckel\u00e7isi Luis Mariano&#8217;nun da kat\u0131ld\u0131\u011f\u0131 g\u00f6r\u00fc\u015fmede, iki kurum aras\u0131nda medya, teknik ve sanatsal i\u015f birli\u011fine y\u00f6nelik yeni ve kapsaml\u0131 bir anla\u015fman\u0131n haz\u0131rlanmas\u0131 konusunda mutabakata var\u0131ld\u0131.<\/p>\n<p style=\"text-align: justify;\">SANA Genel M\u00fcd\u00fcr\u00fc, iki \u00fclkeyi hedef alan Bat\u0131 propagandas\u0131na yan\u0131t vermek i\u00e7in modern medya y\u00f6ntemlerine g\u00fcvenerek ve multimedya kullan\u0131m\u0131n\u0131 modern geli\u015fmeler do\u011frultusunda art\u0131rarak iki taraf aras\u0131ndaki i\u015fbirli\u011finin geli\u015ftirilmesinin \u00f6nemini vurgulayarak,\u00a0 Suriye ve K\u00fcba&#8217;n\u0131n da ayn\u0131 zorluklarla kar\u015f\u0131 kar\u015f\u0131ya oldu\u011funa ve her iki \u00fclkeyi ilgilendiren konular\u0131n savunulmas\u0131 konusunda medya koordinasyonunu ve i\u015f birli\u011fini geli\u015ftirmeleri gerekti\u011fine dikkat \u00e7ekti.<\/p>\n<p style=\"text-align: justify;\">Vennus, iki kurum aras\u0131nda payla\u015f\u0131lan i\u00e7eri\u011fin \u00e7e\u015fitlendirilmesi, \u00e7e\u015fitli k\u00fclt\u00fcrel ve ekonomik faaliyetler, iki \u00fclke <img loading=\"lazy\" decoding=\"async\" class=\"size-full wp-image-287635 alignright\" src=\"http:\/\/sana.sy\/tr\/wp-content\/uploads\/2023\/09\/3-13-300x194-1.jpg\" alt=\"\" width=\"300\" height=\"194\" \/>vatanda\u015flar\u0131n\u0131n ba\u015far\u0131 hikayeleri, ya\u015fam ve sava\u015ftan sonra iyile\u015fme konusundaki \u0131srarlar\u0131 ve mevcut yat\u0131r\u0131m f\u0131rsatlar\u0131n\u0131 i\u00e7erecek \u015fekilde \u00e7e\u015fitlendirilmesi \u00e7a\u011fr\u0131s\u0131nda bulunarak, bunun Suriye ve K\u00fcba halk\u0131n\u0131n maruz kald\u0131\u011f\u0131 ku\u015fatman\u0131n k\u0131r\u0131lmas\u0131na yard\u0131mc\u0131 olaca\u011f\u0131na dikkati \u00e7ekti.<\/p>\n<p style=\"text-align: justify;\">Gonzalez ise, uzun y\u0131llard\u0131r K\u00fcba&#8217;n\u0131n m\u00fcttefiki olan bir \u00fclkede bulunmaktan duydu\u011fu mutlulu\u011fu dile getirirken, Suriye&#8217;nin sahada ter\u00f6r yoluyla, ekonomik olarak ise Bat\u0131&#8217;n\u0131n uygulad\u0131\u011f\u0131 tek tarafl\u0131 zorlay\u0131c\u0131 tedbirlerle Suriyelilerin ku\u015fat\u0131lmas\u0131 ve ge\u00e7im kaynaklar\u0131n\u0131n k\u0131s\u0131tlanmas\u0131 yoluyla ikili bir sava\u015fa tan\u0131k oldu\u011funa i\u015faret etti.<\/p>\n<p style=\"text-align: justify;\">Gonzalez ayr\u0131ca, Prensa Latina&#8217;n\u0131n maruz kald\u0131\u011f\u0131 sald\u0131r\u0131 kar\u015f\u0131s\u0131nda Suriye&#8217;yi savunma konusundaki kararl\u0131l\u0131\u011f\u0131n\u0131 vurgulayarak, Ajans\u0131n, sava\u015f y\u0131llar\u0131nda Suriye&#8217;yi defalarca ziyaret eden muhabiri ve \u00e7ok say\u0131da K\u00fcbal\u0131 gazeteci arac\u0131l\u0131\u011f\u0131yla sahada bulundu\u011funu ve olaylar\u0131n ger\u00e7ek resmini aktard\u0131\u011f\u0131na dikkat \u00e7ekti.<\/p>\n<p style=\"text-align: justify;\">G\u00f6r\u00fc\u015fmede Gonzalez, Prensa Latina Ajans\u0131&#8217;n\u0131n Suriye Arap Ajans\u0131 ile i\u015f birli\u011fini geli\u015ftirmek i\u00e7in elinden gelen her \u015feyi sa\u011flayaca\u011f\u0131n\u0131, Suriye&#8217;nin sald\u0131rganl\u0131\u011fa kar\u015f\u0131 zaferinin ka\u00e7\u0131n\u0131lmaz oldu\u011funu da vurgulad\u0131.<\/p>\n<p style=\"text-align: justify;\">K\u00fcba B\u00fcy\u00fckel\u00e7isi Luis Mariano ise iki dost \u00fclkeyi birle\u015ftiren tarihi ili\u015fkilere ve ortak de\u011ferlere \u00f6vg\u00fcde bulunarak, \u00fclkesinin Suriye&#8217;ye destek y\u00f6n\u00fcndeki tutumunu ve Suriye halk\u0131n\u0131n ter\u00f6r\u00fc yenebilece\u011fine ve zorluklarla y\u00fczle\u015febilece\u011fine olan inanc\u0131n\u0131 yineledi.<\/p>\n<p style=\"text-align: justify;\"><a href=\"https:\/\/t.me\/SuriyeArapHaberAjansI\">Telegram Kanal\u0131m\u0131z\u00a0<\/a><\/p>\n<p style=\"text-align: justify;\"><a href=\"https:\/\/www.facebook.com\/SANAHaberAjansi\/\">Facebook Sayfam\u0131z<\/a><\/p>\n<p style=\"text-align: justify;\"><a href=\"https:\/\/twitter.com\/arap_ajans\">Twitter Hesab\u0131m\u0131z<\/a><\/p>\n","protected":false},"excerpt":{"rendered":"<p>\u015eAM 05 EYL\u00dcL (SANA) \u2013\u00a0 Suriye ve K\u00fcba&#8217;n\u0131n kar\u015f\u0131 kar\u015f\u0131ya oldu\u011fu sald\u0131r\u0131 ve zorluklar\u0131n ger\u00e7ekli\u011fini aktarmak ve ortak \u00e7\u0131karlar\u0131n\u0131 savunmak i\u00e7in medya, teknik i\u015fbirli\u011fi ve ortak koordinasyonun g\u00fc\u00e7lendirilmesi, Suriye Arap Haber Ajans\u0131 &#8220;SANA&#8221; Genel M\u00fcd\u00fcr\u00fc \u0130yad Vennus ile K\u00fcba Haber Ajans\u0131 &#8220;Prensa Latina&#8221; Direkt\u00f6r\u00fc Luis Enrique Gonzalez aras\u0131ndaki g\u00f6r\u00fc\u015fmede \u00f6ne \u00e7\u0131kan konular idi. Bug\u00fcn SANA &hellip;<\/p>\n","protected":false},"author":41,"featured_media":287633,"comment_status":"closed","ping_status":"closed","sticky":false,"template":"","format":"standard","meta":{"footnotes":""},"categories":[479,17988,478],"tags":[22579,39619,25104],"class_list":["post-287632","post","type-post","status-publish","format-standard","has-post-thumbnail","","category-haberler-yerel","category-son-haberler","category-yerel","tag-prensa-latina","tag-sana-ve-prensa-latina-arasindaki-medya-ve-teknik-isbirliginin-guclendirilmesi-gorusuldu","tag-suriye-ve-kuba"],"_links":{"self":[{"href":"https:\/\/archive.sana.sy\/tr\/index.php?rest_route=\/wp\/v2\/posts\/287632","targetHints":{"allow":["GET"]}}],"collection":[{"href":"https:\/\/archive.sana.sy\/tr\/index.php?rest_route=\/wp\/v2\/posts"}],"about":[{"href":"https:\/\/archive.sana.sy\/tr\/index.php?rest_route=\/wp\/v2\/types\/post"}],"author":[{"embeddable":true,"href":"https:\/\/archive.sana.sy\/tr\/index.php?rest_route=\/wp\/v2\/users\/41"}],"replies":[{"embeddable":true,"href":"https:\/\/archive.sana.sy\/tr\/index.php?rest_route=%2Fwp%2Fv2%2Fcomments&post=287632"}],"version-history":[{"count":2,"href":"https:\/\/archive.sana.sy\/tr\/index.php?rest_route=\/wp\/v2\/posts\/287632\/revisions"}],"predecessor-version":[{"id":287657,"href":"https:\/\/archive.sana.sy\/tr\/index.php?rest_route=\/wp\/v2\/posts\/287632\/revisions\/287657"}],"wp:featuredmedia":[{"embeddable":true,"href":"https:\/\/archive.sana.sy\/tr\/index.php?rest_route=\/wp\/v2\/media\/287633"}],"wp:attachment":[{"href":"https:\/\/archive.sana.sy\/tr\/index.php?rest_route=%2Fwp%2Fv2%2Fmedia&parent=287632"}],"wp:term":[{"taxonomy":"category","embeddable":true,"href":"https:\/\/archive.sana.sy\/tr\/index.php?rest_route=%2Fwp%2Fv2%2Fcategories&post=287632"},{"taxonomy":"post_tag","embeddable":true,"href":"https:\/\/archive.sana.sy\/tr\/index.php?rest_route=%2Fwp%2Fv2%2Ftags&post=287632"}],"curies":[{"name":"wp","href":"https:\/\/api.w.org\/{rel}","templated":true}]}}