{"id":287637,"date":"2023-09-05T15:00:48","date_gmt":"2023-09-05T12:00:48","guid":{"rendered":"https:\/\/sana.sy\/tr\/?p=287637"},"modified":"2023-09-06T08:07:12","modified_gmt":"2023-09-06T05:07:12","slug":"samin-mezze-bolgesindeki-bir-restoranda-gaz-tupu-patlamasi-sonucu-9-kisi-yaralandi","status":"publish","type":"post","link":"https:\/\/archive.sana.sy\/tr\/?p=287637","title":{"rendered":"\u015eam&#8217;\u0131n Mezze B\u00f6lgesindeki Bir Restoranda Gaz T\u00fcp\u00fc Patlamas\u0131 Sonucu 9 Ki\u015fi Yaraland\u0131"},"content":{"rendered":"<p style=\"text-align: justify;\"><strong>\u015eAM 05 EYL\u00dcL (SANA)<\/strong> &#8211; \u015eam&#8217;\u0131n Mezze b\u00f6lgesindeki bir restoranda gaz t\u00fcp\u00fcn\u00fcn patlamas\u0131 sonucu 9 vatanda\u015f yaraland\u0131.<\/p>\n<p style=\"text-align: justify;\">SANA muhabiri, patlaman\u0131n 9 vatanda\u015f\u0131n yaralanmas\u0131na neden oldu\u011funu ve mekanda b\u00fcy\u00fck maddi hasara yol a\u00e7t\u0131\u011f\u0131n\u0131 bildirdi.<\/p>\n<div id='gallery-1' class='gallery galleryid-287637 gallery-columns-2 gallery-size-full'><figure class='gallery-item'>\n\t\t\t<div class='gallery-icon landscape'>\n\t\t\t\t<a href='https:\/\/archive.sana.sy\/tr\/?attachment_id=287639'><img loading=\"lazy\" decoding=\"async\" width=\"660\" height=\"359\" src=\"https:\/\/archive.sana.sy\/tr\/wp-content\/uploads\/2023\/09\/photo_2023-09-05_13-54-13.jpg\" class=\"attachment-full size-full\" alt=\"\" srcset=\"https:\/\/archive.sana.sy\/tr\/wp-content\/uploads\/2023\/09\/photo_2023-09-05_13-54-13.jpg 660w, https:\/\/archive.sana.sy\/tr\/wp-content\/uploads\/2023\/09\/photo_2023-09-05_13-54-13-300x163.jpg 300w\" sizes=\"auto, (max-width: 660px) 100vw, 660px\" \/><\/a>\n\t\t\t<\/div><\/figure><figure class='gallery-item'>\n\t\t\t<div class='gallery-icon landscape'>\n\t\t\t\t<a href='https:\/\/archive.sana.sy\/tr\/?attachment_id=287640'><img loading=\"lazy\" decoding=\"async\" width=\"660\" height=\"386\" src=\"https:\/\/archive.sana.sy\/tr\/wp-content\/uploads\/2023\/09\/photo_2023-09-05_13-54-35.jpg\" class=\"attachment-full size-full\" alt=\"\" srcset=\"https:\/\/archive.sana.sy\/tr\/wp-content\/uploads\/2023\/09\/photo_2023-09-05_13-54-35.jpg 660w, https:\/\/archive.sana.sy\/tr\/wp-content\/uploads\/2023\/09\/photo_2023-09-05_13-54-35-300x175.jpg 300w\" sizes=\"auto, (max-width: 660px) 100vw, 660px\" \/><\/a>\n\t\t\t<\/div><\/figure>\n\t\t<\/div>\n\n<p style=\"text-align: justify;\"><a href=\"https:\/\/t.me\/SuriyeArapHaberAjansI\">Telegram Kanal\u0131m\u0131z\u00a0<\/a><\/p>\n<p style=\"text-align: justify;\"><a href=\"https:\/\/www.facebook.com\/SANAHaberAjansi\/\">Facebook Sayfam\u0131z<\/a><\/p>\n<p style=\"text-align: justify;\"><a href=\"https:\/\/twitter.com\/arap_ajans\">Twitter Hesab\u0131m\u0131z<\/a><\/p>\n","protected":false},"excerpt":{"rendered":"<p>\u015eAM 05 EYL\u00dcL (SANA) &#8211; \u015eam&#8217;\u0131n Mezze b\u00f6lgesindeki bir restoranda gaz t\u00fcp\u00fcn\u00fcn patlamas\u0131 sonucu 9 vatanda\u015f yaraland\u0131. SANA muhabiri, patlaman\u0131n 9 vatanda\u015f\u0131n yaralanmas\u0131na neden oldu\u011funu ve mekanda b\u00fcy\u00fck maddi hasara yol a\u00e7t\u0131\u011f\u0131n\u0131 bildirdi. Telegram Kanal\u0131m\u0131z\u00a0 Facebook Sayfam\u0131z Twitter Hesab\u0131m\u0131z<\/p>\n","protected":false},"author":41,"featured_media":287638,"comment_status":"closed","ping_status":"closed","sticky":false,"template":"","format":"standard","meta":{"footnotes":""},"categories":[479,17988,478],"tags":[39620],"class_list":["post-287637","post","type-post","status-publish","format-standard","has-post-thumbnail","","category-haberler-yerel","category-son-haberler","category-yerel","tag-samin-mezze-bolgesindeki-bir-restoranda-gaz-tupu-patlamasi-sonucu-9-kisi-yaralandi"],"_links":{"self":[{"href":"https:\/\/archive.sana.sy\/tr\/index.php?rest_route=\/wp\/v2\/posts\/287637","targetHints":{"allow":["GET"]}}],"collection":[{"href":"https:\/\/archive.sana.sy\/tr\/index.php?rest_route=\/wp\/v2\/posts"}],"about":[{"href":"https:\/\/archive.sana.sy\/tr\/index.php?rest_route=\/wp\/v2\/types\/post"}],"author":[{"embeddable":true,"href":"https:\/\/archive.sana.sy\/tr\/index.php?rest_route=\/wp\/v2\/users\/41"}],"replies":[{"embeddable":true,"href":"https:\/\/archive.sana.sy\/tr\/index.php?rest_route=%2Fwp%2Fv2%2Fcomments&post=287637"}],"version-history":[{"count":1,"href":"https:\/\/archive.sana.sy\/tr\/index.php?rest_route=\/wp\/v2\/posts\/287637\/revisions"}],"predecessor-version":[{"id":287641,"href":"https:\/\/archive.sana.sy\/tr\/index.php?rest_route=\/wp\/v2\/posts\/287637\/revisions\/287641"}],"wp:featuredmedia":[{"embeddable":true,"href":"https:\/\/archive.sana.sy\/tr\/index.php?rest_route=\/wp\/v2\/media\/287638"}],"wp:attachment":[{"href":"https:\/\/archive.sana.sy\/tr\/index.php?rest_route=%2Fwp%2Fv2%2Fmedia&parent=287637"}],"wp:term":[{"taxonomy":"category","embeddable":true,"href":"https:\/\/archive.sana.sy\/tr\/index.php?rest_route=%2Fwp%2Fv2%2Fcategories&post=287637"},{"taxonomy":"post_tag","embeddable":true,"href":"https:\/\/archive.sana.sy\/tr\/index.php?rest_route=%2Fwp%2Fv2%2Ftags&post=287637"}],"curies":[{"name":"wp","href":"https:\/\/api.w.org\/{rel}","templated":true}]}}