{"id":287645,"date":"2023-09-05T14:45:06","date_gmt":"2023-09-05T11:45:06","guid":{"rendered":"https:\/\/sana.sy\/tr\/?p=287645"},"modified":"2023-09-06T12:09:44","modified_gmt":"2023-09-06T09:09:44","slug":"latin-amerika-arap-kurumlari-federasyonunun-fiarab-ellinci-olaganustu-konferansi-samda-calismalarina-devam-ediyor","status":"publish","type":"post","link":"https:\/\/archive.sana.sy\/tr\/?p=287645","title":{"rendered":"Latin Amerika Arap Kurumlar\u0131 Federasyonu&#8217;nun (FIARAB) Ellinci Ola\u011fan\u00fcst\u00fc Konferans\u0131 \u015eam&#8217;da \u00c7al\u0131\u015fmalar\u0131na Devam Ediyor"},"content":{"rendered":"<p style=\"text-align: justify;\"><strong>\u015eAM 05 EYL\u00dcL (SANA)<\/strong> &#8211; Latin Amerika Arap Kurumlar\u0131 Federasyonu&#8217;nun (FIARAB) 50. Ola\u011fan\u00fcst\u00fc Konferans\u0131, <img loading=\"lazy\" decoding=\"async\" class=\"size-full wp-image-287647 alignright\" src=\"http:\/\/sana.sy\/tr\/wp-content\/uploads\/2023\/09\/photo_2023-09-05_11-20-55-300x179-1.jpg\" alt=\"\" width=\"300\" height=\"179\" \/>ikinci g\u00fcn\u00fcnde de \u015eam \u00dcniversitesi R\u0131za Said \u00a0Salonu&#8217;nda \u00e7al\u0131\u015fmalar\u0131na devam ediyor.<\/p>\n<p style=\"text-align: justify;\">\u00c7al\u0131\u015fmalara kat\u0131l\u0131mc\u0131lar \u201cTek Tarafl\u0131 Zorlay\u0131c\u0131 Ekonomik Yaptirimlar ve Yank\u0131lar\u0131\u201d konusunu g\u00f6r\u00fc\u015fecekler.<\/p>\n<p style=\"text-align: justify;\">Bug\u00fcnk\u00fc faaliyetler aras\u0131nda Suriye Ticaret ve Sanayi Odalar\u0131 Federasyonu&#8217;nun yat\u0131r\u0131mlar\u0131 te\u015fvik etme konusunda d\u00fczenledi\u011fi ekonomik faaliyetlerle diyalog toplant\u0131s\u0131 da yer al\u0131yor. Ard\u0131ndan, Ekonomi ve D\u0131\u015f Ticaret Bakan\u0131\u00a0 Muhammad Samir El Halil&#8217;e \u201cSuriye ekonomisinin ekonomik ger\u00e7ekli\u011fi ve g\u00fc\u00e7l\u00fc y\u00f6nleri\u201d konulu konu\u015fman\u0131n ard\u0131ndan kat\u0131l\u0131mc\u0131larla diyalog oturumu yap\u0131lacak.<\/p>\n<p style=\"text-align: justify;\">Turizm Bakan\u0131 M\u00fchendis Muhammad Rami Martini de Suriye&#8217;deki turizm ger\u00e7e\u011fi ve turistik \u00e7ekicilik fakt\u00f6rleri hakk\u0131nda bir sunum yapacak ve ard\u0131ndan kat\u0131l\u0131mc\u0131larla diyalog oturumu ger\u00e7ekle\u015ftirecek.<\/p>\n<p><a href=\"https:\/\/t.me\/SuriyeArapHaberAjansI\">Telegram Kanal\u0131m\u0131z\u00a0<\/a><\/p>\n<p><a href=\"https:\/\/www.facebook.com\/SANAHaberAjansi\/\">Facebook Sayfam\u0131z<\/a><\/p>\n<p><a href=\"https:\/\/twitter.com\/arap_ajans\">Twitter Hesab\u0131m\u0131z<\/a><\/p>\n","protected":false},"excerpt":{"rendered":"<p>\u015eAM 05 EYL\u00dcL (SANA) &#8211; Latin Amerika Arap Kurumlar\u0131 Federasyonu&#8217;nun (FIARAB) 50. Ola\u011fan\u00fcst\u00fc Konferans\u0131, ikinci g\u00fcn\u00fcnde de \u015eam \u00dcniversitesi R\u0131za Said \u00a0Salonu&#8217;nda \u00e7al\u0131\u015fmalar\u0131na devam ediyor. \u00c7al\u0131\u015fmalara kat\u0131l\u0131mc\u0131lar \u201cTek Tarafl\u0131 Zorlay\u0131c\u0131 Ekonomik Yaptirimlar ve Yank\u0131lar\u0131\u201d konusunu g\u00f6r\u00fc\u015fecekler. Bug\u00fcnk\u00fc faaliyetler aras\u0131nda Suriye Ticaret ve Sanayi Odalar\u0131 Federasyonu&#8217;nun yat\u0131r\u0131mlar\u0131 te\u015fvik etme konusunda d\u00fczenledi\u011fi ekonomik faaliyetlerle diyalog toplant\u0131s\u0131 da &hellip;<\/p>\n","protected":false},"author":41,"featured_media":287646,"comment_status":"closed","ping_status":"closed","sticky":false,"template":"","format":"standard","meta":{"footnotes":""},"categories":[485,486,479,17988,478],"tags":[39622,19174,38641,22182],"class_list":["post-287645","post","type-post","status-publish","format-standard","has-post-thumbnail","","category-is-ve-sermaye","category-haberler-is-ve-sermaye","category-haberler-yerel","category-son-haberler","category-yerel","tag-latin-amerika-arap-kurumlari-federasyonunun-fiarab-ellinci-olaganustu-konferansi-samda-calismalarina-devam-ediyor","tag-suriyede-son-durumlar","tag-suriyede-son-gelimeler","tag-suriyede-savas"],"_links":{"self":[{"href":"https:\/\/archive.sana.sy\/tr\/index.php?rest_route=\/wp\/v2\/posts\/287645","targetHints":{"allow":["GET"]}}],"collection":[{"href":"https:\/\/archive.sana.sy\/tr\/index.php?rest_route=\/wp\/v2\/posts"}],"about":[{"href":"https:\/\/archive.sana.sy\/tr\/index.php?rest_route=\/wp\/v2\/types\/post"}],"author":[{"embeddable":true,"href":"https:\/\/archive.sana.sy\/tr\/index.php?rest_route=\/wp\/v2\/users\/41"}],"replies":[{"embeddable":true,"href":"https:\/\/archive.sana.sy\/tr\/index.php?rest_route=%2Fwp%2Fv2%2Fcomments&post=287645"}],"version-history":[{"count":1,"href":"https:\/\/archive.sana.sy\/tr\/index.php?rest_route=\/wp\/v2\/posts\/287645\/revisions"}],"predecessor-version":[{"id":287648,"href":"https:\/\/archive.sana.sy\/tr\/index.php?rest_route=\/wp\/v2\/posts\/287645\/revisions\/287648"}],"wp:featuredmedia":[{"embeddable":true,"href":"https:\/\/archive.sana.sy\/tr\/index.php?rest_route=\/wp\/v2\/media\/287646"}],"wp:attachment":[{"href":"https:\/\/archive.sana.sy\/tr\/index.php?rest_route=%2Fwp%2Fv2%2Fmedia&parent=287645"}],"wp:term":[{"taxonomy":"category","embeddable":true,"href":"https:\/\/archive.sana.sy\/tr\/index.php?rest_route=%2Fwp%2Fv2%2Fcategories&post=287645"},{"taxonomy":"post_tag","embeddable":true,"href":"https:\/\/archive.sana.sy\/tr\/index.php?rest_route=%2Fwp%2Fv2%2Ftags&post=287645"}],"curies":[{"name":"wp","href":"https:\/\/api.w.org\/{rel}","templated":true}]}}