{"id":287658,"date":"2023-09-05T12:46:37","date_gmt":"2023-09-05T09:46:37","guid":{"rendered":"https:\/\/sana.sy\/tr\/?p=287658"},"modified":"2023-09-06T08:07:02","modified_gmt":"2023-09-06T05:07:02","slug":"guney-afrika-cumhuriyeti-buyukelcisi-lazkiyedeki-depremin-yarattigi-hasarin-boyutunu-degerlendirdi","status":"publish","type":"post","link":"https:\/\/archive.sana.sy\/tr\/?p=287658","title":{"rendered":"G\u00fcney Afrika Cumhuriyeti B\u00fcy\u00fckel\u00e7isi, Lazkiye&#8217;deki Depremin Yaratt\u0131\u011f\u0131 Hasar\u0131n Boyutunu De\u011ferlendirdi"},"content":{"rendered":"<p style=\"text-align: justify;\"><strong>LAZK\u0130YE 05 Eyl\u00fcl (SANA)<\/strong> &#8211; G\u00fcney Afrika Cumhuriyeti&#8217;nin \u015eam B\u00fcy\u00fckel\u00e7isi Barry Gilder ve beraberindeki heyete, \u0130htiya\u00e7lar\u0131 de\u011ferlendirmek ve \u00f6nceli\u011fe g\u00f6re yard\u0131m sa\u011flama imkan\u0131 sa\u011flamak amac\u0131yla, \u00a06 \u015eubat&#8217;ta meydana gelen depremin Lazkiye ve Jableh kentlerindeki baz\u0131 b\u00f6lgelerde neden oldu\u011fu hasar\u0131n boyutlar\u0131 hakk\u0131nda bilgi verildi.<\/p>\n<p style=\"text-align: justify;\">B\u00fcy\u00fckel\u00e7i Gilder Gazetecilere yapt\u0131\u011f\u0131 a\u00e7\u0131klamada, depremin yol a\u00e7t\u0131\u011f\u0131 ac\u0131 sahnelerden duydu\u011fu \u00fcz\u00fcnt\u00fcy\u00fc dile getirerek, \u00fclkesinin Lazkiye Valili\u011fi ve Suriye&#8217;nin di\u011fer b\u00f6lgelerinde ya\u015fayan insanlara bu depremin etkilerini a\u015fmalar\u0131na yard\u0131mc\u0131 olmak i\u00e7in yard\u0131m sa\u011flamak istedi\u011fini vurgulad\u0131.<\/p>\n<p style=\"text-align: justify;\">Ayn\u0131 kapsamda Lazkiye Valisi M\u00fchendis Amer \u0130smail Hilal, B\u00fcy\u00fckel\u00e7i Gilder ile depremin yans\u0131malar\u0131 sonucunda \u00f6nceliklere g\u00f6re valilikte ihtiya\u00e7lar konusunda g\u00f6r\u00fc\u015f al\u0131\u015fveri\u015finde bulundu.<\/p>\n<p style=\"text-align: justify;\">Vali Hilal, depremin yaratt\u0131\u011f\u0131 hasar\u0131n boyutlar\u0131n\u0131 ve Suriye&#8217;deki haks\u0131z ku\u015fatma ve sava\u015f ko\u015fullar\u0131 nedeniyle kapasite yetersizli\u011fi nedeniyle depremin yans\u0131malar\u0131n\u0131 a\u015fman\u0131n zorlu\u011funu de\u011ferlendirdi.<\/p>\n<p style=\"text-align: justify;\">Vali ayr\u0131ca, G\u00fcney Afrika Cumhuriyeti&#8217;nin Suriye&#8217;ye destek veren tutumunu \u00f6vd\u00fc ve G\u00fcney Afrika Cumhuriyeti h\u00fck\u00fcmetine depremin baz\u0131 etkilerinin \u00fcstesinden gelmek i\u00e7in yard\u0131m eli ve yard\u0131m sa\u011flama giri\u015fimi i\u00e7in te\u015fekk\u00fcr etti.<\/p>\n<div id='gallery-1' class='gallery galleryid-287658 gallery-columns-2 gallery-size-medium'><figure class='gallery-item'>\n\t\t\t<div class='gallery-icon landscape'>\n\t\t\t\t<a href='https:\/\/archive.sana.sy\/tr\/?attachment_id=287660'><img loading=\"lazy\" decoding=\"async\" width=\"300\" height=\"200\" src=\"https:\/\/archive.sana.sy\/tr\/wp-content\/uploads\/2023\/09\/DSC_5207-copy-300x200.jpg\" class=\"attachment-medium size-medium\" alt=\"\" srcset=\"https:\/\/archive.sana.sy\/tr\/wp-content\/uploads\/2023\/09\/DSC_5207-copy-300x200.jpg 300w, https:\/\/archive.sana.sy\/tr\/wp-content\/uploads\/2023\/09\/DSC_5207-copy.jpg 660w\" sizes=\"auto, (max-width: 300px) 100vw, 300px\" \/><\/a>\n\t\t\t<\/div><\/figure><figure class='gallery-item'>\n\t\t\t<div class='gallery-icon landscape'>\n\t\t\t\t<a href='https:\/\/archive.sana.sy\/tr\/?attachment_id=287661'><img loading=\"lazy\" decoding=\"async\" width=\"300\" height=\"200\" src=\"https:\/\/archive.sana.sy\/tr\/wp-content\/uploads\/2023\/09\/DSC_5147-copy-300x200.jpg\" class=\"attachment-medium size-medium\" alt=\"\" srcset=\"https:\/\/archive.sana.sy\/tr\/wp-content\/uploads\/2023\/09\/DSC_5147-copy-300x200.jpg 300w, https:\/\/archive.sana.sy\/tr\/wp-content\/uploads\/2023\/09\/DSC_5147-copy.jpg 660w\" sizes=\"auto, (max-width: 300px) 100vw, 300px\" \/><\/a>\n\t\t\t<\/div><\/figure>\n\t\t<\/div>\n\n<p><a href=\"https:\/\/t.me\/SuriyeArapHaberAjansI\">Telegram Kanal\u0131m\u0131z\u00a0<\/a><\/p>\n<p><a href=\"https:\/\/www.facebook.com\/SANAHaberAjansi\/\">Facebook Sayfam\u0131z<\/a><\/p>\n<p><a href=\"https:\/\/twitter.com\/arap_ajans\">Twitter Hesab\u0131m\u0131z<\/a><\/p>\n","protected":false},"excerpt":{"rendered":"<p>LAZK\u0130YE 05 Eyl\u00fcl (SANA) &#8211; G\u00fcney Afrika Cumhuriyeti&#8217;nin \u015eam B\u00fcy\u00fckel\u00e7isi Barry Gilder ve beraberindeki heyete, \u0130htiya\u00e7lar\u0131 de\u011ferlendirmek ve \u00f6nceli\u011fe g\u00f6re yard\u0131m sa\u011flama imkan\u0131 sa\u011flamak amac\u0131yla, \u00a06 \u015eubat&#8217;ta meydana gelen depremin Lazkiye ve Jableh kentlerindeki baz\u0131 b\u00f6lgelerde neden oldu\u011fu hasar\u0131n boyutlar\u0131 hakk\u0131nda bilgi verildi. B\u00fcy\u00fckel\u00e7i Gilder Gazetecilere yapt\u0131\u011f\u0131 a\u00e7\u0131klamada, depremin yol a\u00e7t\u0131\u011f\u0131 ac\u0131 sahnelerden duydu\u011fu \u00fcz\u00fcnt\u00fcy\u00fc &hellip;<\/p>\n","protected":false},"author":41,"featured_media":287659,"comment_status":"closed","ping_status":"closed","sticky":false,"template":"","format":"standard","meta":{"footnotes":""},"categories":[479,17988,478],"tags":[39624,39625,39626],"class_list":["post-287658","post","type-post","status-publish","format-standard","has-post-thumbnail","","category-haberler-yerel","category-son-haberler","category-yerel","tag-guney-afrika-cumhuriyeti-buyukelcisi","tag-lazkiyedeki-depremin-yarattigi-hasarin-boyutunu-degerlendirdi","tag-sam-buyukelcisi-barry-gilder"],"_links":{"self":[{"href":"https:\/\/archive.sana.sy\/tr\/index.php?rest_route=\/wp\/v2\/posts\/287658","targetHints":{"allow":["GET"]}}],"collection":[{"href":"https:\/\/archive.sana.sy\/tr\/index.php?rest_route=\/wp\/v2\/posts"}],"about":[{"href":"https:\/\/archive.sana.sy\/tr\/index.php?rest_route=\/wp\/v2\/types\/post"}],"author":[{"embeddable":true,"href":"https:\/\/archive.sana.sy\/tr\/index.php?rest_route=\/wp\/v2\/users\/41"}],"replies":[{"embeddable":true,"href":"https:\/\/archive.sana.sy\/tr\/index.php?rest_route=%2Fwp%2Fv2%2Fcomments&post=287658"}],"version-history":[{"count":1,"href":"https:\/\/archive.sana.sy\/tr\/index.php?rest_route=\/wp\/v2\/posts\/287658\/revisions"}],"predecessor-version":[{"id":287662,"href":"https:\/\/archive.sana.sy\/tr\/index.php?rest_route=\/wp\/v2\/posts\/287658\/revisions\/287662"}],"wp:featuredmedia":[{"embeddable":true,"href":"https:\/\/archive.sana.sy\/tr\/index.php?rest_route=\/wp\/v2\/media\/287659"}],"wp:attachment":[{"href":"https:\/\/archive.sana.sy\/tr\/index.php?rest_route=%2Fwp%2Fv2%2Fmedia&parent=287658"}],"wp:term":[{"taxonomy":"category","embeddable":true,"href":"https:\/\/archive.sana.sy\/tr\/index.php?rest_route=%2Fwp%2Fv2%2Fcategories&post=287658"},{"taxonomy":"post_tag","embeddable":true,"href":"https:\/\/archive.sana.sy\/tr\/index.php?rest_route=%2Fwp%2Fv2%2Ftags&post=287658"}],"curies":[{"name":"wp","href":"https:\/\/api.w.org\/{rel}","templated":true}]}}