{"id":287663,"date":"2023-09-05T10:54:48","date_gmt":"2023-09-05T07:54:48","guid":{"rendered":"https:\/\/sana.sy\/tr\/?p=287663"},"modified":"2023-09-06T08:06:59","modified_gmt":"2023-09-06T05:06:59","slug":"soygu-karsi-saldirinin-baslamasindan-bu-yana-kiev-guclerinin-kaybi-66-binden-fazla-asker","status":"publish","type":"post","link":"https:\/\/archive.sana.sy\/tr\/?p=287663","title":{"rendered":"\u015eoygu: Kar\u015f\u0131 Sald\u0131r\u0131n\u0131n Ba\u015flamas\u0131ndan Bu Yana Kiev G\u00fc\u00e7lerinin Kayb\u0131 66 Binden Fazla Asker"},"content":{"rendered":"<p style=\"text-align: justify;\"><strong>MOSKOVA 05 EYL\u00dcL (SANA) <\/strong>&#8211; Rusya Savunma Bakan\u0131 Sergei Shoigu bug\u00fcn, Rusya&#8217;ya y\u00f6nelik oldu\u011fu iddia edilen kar\u015f\u0131 sald\u0131r\u0131n\u0131n ba\u015flang\u0131c\u0131ndan bu yana Kiev kuvvetlerinin kay\u0131plar\u0131n\u0131n 66 binin \u00fczerinde askere ula\u015ft\u0131\u011f\u0131n\u0131 ve hi\u00e7bir eksende ilerleme sa\u011flanamad\u0131\u011f\u0131n\u0131 duyurdu.<\/p>\n<p style=\"text-align: justify;\">RT web sitesi Shoigu&#8217;nun, \u201cBir ayda Kiev g\u00fc\u00e7lerine ait 34 komuta merkezi bombalan\u0131rken, Rus g\u00fc\u00e7leri Ukrayna&#8217;n\u0131n askeri altyap\u0131s\u0131n\u0131 hedef almaya devam ediyor\u2019\u2019\u00a0 ifadelerini aktard\u0131.<\/p>\n<p style=\"text-align: justify;\">Shoigu, s\u00f6zde kar\u015f\u0131 sald\u0131r\u0131n\u0131n ba\u015flang\u0131c\u0131ndan bu yana Ukrayna kuvvetlerinin kay\u0131plar\u0131n\u0131n 66 bin asker ve 7 bin 600 silah\u0131n \u00fczerine \u00e7\u0131kt\u0131\u011f\u0131na dikkat \u00e7ekerek, &#8220;Kiev g\u00fc\u00e7leri sivil hedeflere sald\u0131r\u0131yor ve kar\u015f\u0131 sald\u0131r\u0131n\u0131n ba\u015far\u0131s\u0131zl\u0131\u011f\u0131n\u0131 gizlemek amac\u0131yla bu sald\u0131r\u0131lar\u0131 askeri zaferler olarak g\u00f6steriyor&#8221; dedi.<\/p>\n<p style=\"text-align: justify;\">Shoigu ayrica, \u2018\u2019Ge\u00e7ti\u011fimiz ay boyunca Rus kuvvetleri 1.000&#8217;den fazla insans\u0131z hava arac\u0131n\u0131 d\u00fc\u015f\u00fcrd\u00fc ve Himars sistemlerinden ate\u015flenen 159 roket mermisi ile 13 seyir f\u00fczesini ele ge\u00e7irdi\u2019\u2019 ifadelerini kullanarak, Rus kuvvetlerinin \u00f6n hat boyunca Kharkov vilayetindeki Kubyansk y\u00f6n\u00fcndeki mevzilerini \u00f6nemli \u00f6l\u00e7\u00fcde g\u00fc\u00e7lendirebildi\u011fine dikkat \u00e7ekti.<\/p>\n<p style=\"text-align: justify;\"><a href=\"https:\/\/t.me\/SuriyeArapHaberAjansI\">Telegram Kanal\u0131m\u0131z\u00a0<\/a><\/p>\n<p style=\"text-align: justify;\"><a href=\"https:\/\/www.facebook.com\/SANAHaberAjansi\/\">Facebook Sayfam\u0131z<\/a><\/p>\n<p style=\"text-align: justify;\"><a href=\"https:\/\/twitter.com\/arap_ajans\">Twitter Hesab\u0131m\u0131z<\/a><\/p>\n","protected":false},"excerpt":{"rendered":"<p>MOSKOVA 05 EYL\u00dcL (SANA) &#8211; Rusya Savunma Bakan\u0131 Sergei Shoigu bug\u00fcn, Rusya&#8217;ya y\u00f6nelik oldu\u011fu iddia edilen kar\u015f\u0131 sald\u0131r\u0131n\u0131n ba\u015flang\u0131c\u0131ndan bu yana Kiev kuvvetlerinin kay\u0131plar\u0131n\u0131n 66 binin \u00fczerinde askere ula\u015ft\u0131\u011f\u0131n\u0131 ve hi\u00e7bir eksende ilerleme sa\u011flanamad\u0131\u011f\u0131n\u0131 duyurdu. RT web sitesi Shoigu&#8217;nun, \u201cBir ayda Kiev g\u00fc\u00e7lerine ait 34 komuta merkezi bombalan\u0131rken, Rus g\u00fc\u00e7leri Ukrayna&#8217;n\u0131n askeri altyap\u0131s\u0131n\u0131 hedef almaya &hellip;<\/p>\n","protected":false},"author":41,"featured_media":287664,"comment_status":"closed","ping_status":"closed","sticky":false,"template":"","format":"standard","meta":{"footnotes":""},"categories":[458,459,17988],"tags":[39627,39628,38628,38898],"class_list":["post-287663","post","type-post","status-publish","format-standard","has-post-thumbnail","","category-dunya1","category-haberler-arap-uluslararasi-politika","category-son-haberler","tag-soygu-karsi-saldirinin-baslamasindan-bu-yana-kiev-guclerinin-kaybi-66-binden-fazla-asker","tag-ukrayina-ve-rusya-arasindaki-savas","tag-ukraynada-savas","tag-ukraynada-son-durum"],"_links":{"self":[{"href":"https:\/\/archive.sana.sy\/tr\/index.php?rest_route=\/wp\/v2\/posts\/287663","targetHints":{"allow":["GET"]}}],"collection":[{"href":"https:\/\/archive.sana.sy\/tr\/index.php?rest_route=\/wp\/v2\/posts"}],"about":[{"href":"https:\/\/archive.sana.sy\/tr\/index.php?rest_route=\/wp\/v2\/types\/post"}],"author":[{"embeddable":true,"href":"https:\/\/archive.sana.sy\/tr\/index.php?rest_route=\/wp\/v2\/users\/41"}],"replies":[{"embeddable":true,"href":"https:\/\/archive.sana.sy\/tr\/index.php?rest_route=%2Fwp%2Fv2%2Fcomments&post=287663"}],"version-history":[{"count":2,"href":"https:\/\/archive.sana.sy\/tr\/index.php?rest_route=\/wp\/v2\/posts\/287663\/revisions"}],"predecessor-version":[{"id":287666,"href":"https:\/\/archive.sana.sy\/tr\/index.php?rest_route=\/wp\/v2\/posts\/287663\/revisions\/287666"}],"wp:featuredmedia":[{"embeddable":true,"href":"https:\/\/archive.sana.sy\/tr\/index.php?rest_route=\/wp\/v2\/media\/287664"}],"wp:attachment":[{"href":"https:\/\/archive.sana.sy\/tr\/index.php?rest_route=%2Fwp%2Fv2%2Fmedia&parent=287663"}],"wp:term":[{"taxonomy":"category","embeddable":true,"href":"https:\/\/archive.sana.sy\/tr\/index.php?rest_route=%2Fwp%2Fv2%2Fcategories&post=287663"},{"taxonomy":"post_tag","embeddable":true,"href":"https:\/\/archive.sana.sy\/tr\/index.php?rest_route=%2Fwp%2Fv2%2Ftags&post=287663"}],"curies":[{"name":"wp","href":"https:\/\/api.w.org\/{rel}","templated":true}]}}