{"id":287769,"date":"2023-09-09T15:03:08","date_gmt":"2023-09-09T12:03:08","guid":{"rendered":"http:\/\/sana.sy\/tr\/?p=287769"},"modified":"2023-09-11T14:06:06","modified_gmt":"2023-09-11T11:06:06","slug":"arap-atletizm-sampiyonasinda-suriyeye-bronz-madalya","status":"publish","type":"post","link":"https:\/\/archive.sana.sy\/tr\/?p=287769","title":{"rendered":"Arap Atletizm \u015eampiyonas\u0131&#8217;nda Suriye&#8217;ye Bronz Madalya"},"content":{"rendered":"<p style=\"text-align: justify;\"><strong>MASKAT 09 EYL\u00dcL (SANA)<\/strong> -Suriyeli kad\u0131n atletizm tak\u0131m\u0131 oyuncusu\u00a0 \u015eahd El Ali, \u015fu anda Umman Sultanl\u0131\u011f\u0131&#8217;nda d\u00fczenlenen, erkekler ve kad\u0131nlar aras\u0131nda d\u00fczenlenen Dokuzuncu Arap Atletizm \u015eampiyonas\u0131&#8217;n\u0131n ilk g\u00fcn\u00fcnde bronz madalya kazand\u0131.<\/p>\n<p style=\"text-align: justify;\">El Ali oyuncu disk atma yar\u0131\u015fmas\u0131nda bronz madalya almay\u0131 ba\u015fard\u0131.<\/p>\n<p style=\"text-align: justify;\">D\u00fcn ba\u015flayan ve \u00f6n\u00fcm\u00fczdeki Pazartesi g\u00fcn\u00fcne kadar devam edecek olan Arap \u015eampiyonas\u0131&#8217;na Cezayir, M\u0131s\u0131r, Fas, Tunus, Suudi Arabistan, Umman Sultanl\u0131\u011f\u0131, Yemen, Katar ve Suriye&#8217;yi temsil eden oyuncular kat\u0131lacak.<\/p>\n<p style=\"text-align: justify;\"><a href=\"https:\/\/t.me\/SuriyeArapHaberAjansI\">Telegram Kanal\u0131m\u0131z\u00a0<\/a><\/p>\n<p style=\"text-align: justify;\"><a href=\"https:\/\/www.facebook.com\/SANAHaberAjansi\/\">Facebook Sayfam\u0131z<\/a><\/p>\n<p style=\"text-align: justify;\"><a href=\"https:\/\/twitter.com\/arap_ajans\">Twitter Hesab\u0131m\u0131z<\/a><\/p>\n","protected":false},"excerpt":{"rendered":"<p>MASKAT 09 EYL\u00dcL (SANA) -Suriyeli kad\u0131n atletizm tak\u0131m\u0131 oyuncusu\u00a0 \u015eahd El Ali, \u015fu anda Umman Sultanl\u0131\u011f\u0131&#8217;nda d\u00fczenlenen, erkekler ve kad\u0131nlar aras\u0131nda d\u00fczenlenen Dokuzuncu Arap Atletizm \u015eampiyonas\u0131&#8217;n\u0131n ilk g\u00fcn\u00fcnde bronz madalya kazand\u0131. El Ali oyuncu disk atma yar\u0131\u015fmas\u0131nda bronz madalya almay\u0131 ba\u015fard\u0131. D\u00fcn ba\u015flayan ve \u00f6n\u00fcm\u00fczdeki Pazartesi g\u00fcn\u00fcne kadar devam edecek olan Arap \u015eampiyonas\u0131&#8217;na Cezayir, M\u0131s\u0131r, &hellip;<\/p>\n","protected":false},"author":41,"featured_media":287770,"comment_status":"closed","ping_status":"closed","sticky":false,"template":"","format":"standard","meta":{"footnotes":""},"categories":[498,17988,496],"tags":[39648],"class_list":["post-287769","post","type-post","status-publish","format-standard","has-post-thumbnail","","category-dunya-turnuvalari","category-son-haberler","category-spor","tag-arap-atletizm-sampiyonasinda-suriyeye-bronz-madalya"],"_links":{"self":[{"href":"https:\/\/archive.sana.sy\/tr\/index.php?rest_route=\/wp\/v2\/posts\/287769","targetHints":{"allow":["GET"]}}],"collection":[{"href":"https:\/\/archive.sana.sy\/tr\/index.php?rest_route=\/wp\/v2\/posts"}],"about":[{"href":"https:\/\/archive.sana.sy\/tr\/index.php?rest_route=\/wp\/v2\/types\/post"}],"author":[{"embeddable":true,"href":"https:\/\/archive.sana.sy\/tr\/index.php?rest_route=\/wp\/v2\/users\/41"}],"replies":[{"embeddable":true,"href":"https:\/\/archive.sana.sy\/tr\/index.php?rest_route=%2Fwp%2Fv2%2Fcomments&post=287769"}],"version-history":[{"count":2,"href":"https:\/\/archive.sana.sy\/tr\/index.php?rest_route=\/wp\/v2\/posts\/287769\/revisions"}],"predecessor-version":[{"id":287899,"href":"https:\/\/archive.sana.sy\/tr\/index.php?rest_route=\/wp\/v2\/posts\/287769\/revisions\/287899"}],"wp:featuredmedia":[{"embeddable":true,"href":"https:\/\/archive.sana.sy\/tr\/index.php?rest_route=\/wp\/v2\/media\/287770"}],"wp:attachment":[{"href":"https:\/\/archive.sana.sy\/tr\/index.php?rest_route=%2Fwp%2Fv2%2Fmedia&parent=287769"}],"wp:term":[{"taxonomy":"category","embeddable":true,"href":"https:\/\/archive.sana.sy\/tr\/index.php?rest_route=%2Fwp%2Fv2%2Fcategories&post=287769"},{"taxonomy":"post_tag","embeddable":true,"href":"https:\/\/archive.sana.sy\/tr\/index.php?rest_route=%2Fwp%2Fv2%2Ftags&post=287769"}],"curies":[{"name":"wp","href":"https:\/\/api.w.org\/{rel}","templated":true}]}}