{"id":287774,"date":"2023-09-09T15:35:04","date_gmt":"2023-09-09T12:35:04","guid":{"rendered":"https:\/\/sana.sy\/tr\/?p=287774"},"modified":"2023-09-10T11:28:02","modified_gmt":"2023-09-10T08:28:02","slug":"suriyeye-yapilan-haksiz-savas-ulkenin-ekonomik-sosyal-ve-cevresel-kosullarinin-bozulmasina-neden-oldu","status":"publish","type":"post","link":"https:\/\/archive.sana.sy\/tr\/?p=287774","title":{"rendered":"Suriye&#8217;ye Yap\u0131lan Haks\u0131z Sava\u015f, \u00dclkenin Ekonomik, Sosyal Ve \u00c7evresel Ko\u015fullar\u0131n\u0131n Bozulmas\u0131na Neden Oldu"},"content":{"rendered":"<p style=\"text-align: justify;\"><strong>TAHARAN 09 EYL\u00dcL (SANA) \u2013<\/strong> Yerel Y\u00f6netim ve \u00c7evre Bakan\u0131 Mutaz Deveci, \u00a0Suriye&#8217;de y\u00fcr\u00fct\u00fclen haks\u0131z sava\u015f\u0131n ekonomik, sosyal ve \u00e7evresel ko\u015fullar\u0131n bozulmas\u0131na, iklim de\u011fi\u015fikli\u011fi dahil do\u011fal afetlere kar\u015f\u0131 zay\u0131f tepki verilmesine neden oldu\u011funu, bunun da bu sistemlerde ciddi bozulmalara ve kirlilikte art\u0131\u015fa yol a\u00e7t\u0131\u011f\u0131n\u0131 vurgulad\u0131.<\/p>\n<p style=\"text-align: justify;\"><img loading=\"lazy\" decoding=\"async\" class=\"size-full wp-image-287776 alignright\" src=\"http:\/\/sana.sy\/tr\/wp-content\/uploads\/2023\/09\/\u0645\u063a\u062a\u0632-2-copy-223x300-1.jpg\" alt=\"\" width=\"223\" height=\"300\" \/>Deveci ayr\u0131ca, \u00a0\u0130ran&#8217;\u0131n ba\u015fkenti Tahran&#8217;da bu sabah ba\u015flayan Uluslararas\u0131 Kum ve Toz F\u0131rt\u0131nalar\u0131yla M\u00fccadele Konferans\u0131&#8217;nda Suriye&#8217;de yapt\u0131\u011f\u0131 konu\u015fmada, \u201cSuriye&#8217;ye y\u00f6nelik sava\u015f, h\u00fck\u00fcmetin toprak \u0131slah\u0131, \u00e7\u00f6lle\u015fme kontrol\u00fc projeleri, kumul stabilizasyonu, pastoral ve do\u011fal rezervlere y\u00f6nelik plan, program ve projelerinin uygulanma oranlar\u0131n\u0131n azalmas\u0131na yol a\u00e7t\u0131\u2019\u2019 dedi.<\/p>\n<p style=\"text-align: justify;\">Bakan yard\u0131mc\u0131s\u0131 Deveci ayr\u0131ca, ge\u00e7ti\u011fimiz 6 \u015eubat&#8217;ta Suriye&#8217;yi vuran depremin, Suriye&#8217;nin uygulanan haks\u0131z abluka nedeniyle \u00e7evre standartlar\u0131n\u0131 kar\u015f\u0131layan ileri teknolojiyi elde etmekte bir\u00e7ok zorluk ya\u015fad\u0131\u011f\u0131 bir d\u00f6nemde meydana geldi\u011fine dikkat \u00e7ekti.<\/p>\n<p style=\"text-align: justify;\">Bakan Yard\u0131mc\u0131s\u0131 Deveci, Suriye&#8217;nin kum ve toz f\u0131rt\u0131nalar\u0131n\u0131n yan\u0131 s\u0131ra art arda ya\u015fanan kurakl\u0131k ve y\u00fcksek s\u0131cakl\u0131klara da maruz kald\u0131\u011f\u0131n\u0131, bunun da mevcut ko\u015fullar ve ku\u015fatma nedeniyle b\u00fcy\u00fck bir kalk\u0131nma ve \u00e7evre sorunu olu\u015fturdu\u011funa i\u015faret ederken,\u00a0 Suriye h\u00fck\u00fcmetinin iklim etkilerinin azalt\u0131lmas\u0131 ve s\u00fcrd\u00fcr\u00fclebilir kalk\u0131nma e\u011filimini politikalar\u0131na, \u00f6nceliklerine ve y\u0131ll\u0131k planlar\u0131na koydu\u011funu belirtti.<\/p>\n<p style=\"text-align: justify;\">Decveci ayr\u0131ca, Suriye h\u00fck\u00fcmetinin bu \u00f6nemli konferans\u0131n ba\u015far\u0131s\u0131na ve kum ve toz f\u0131rt\u0131nas\u0131 olgusunun \u00e7\u00f6z\u00fcm\u00fcne katk\u0131 sa\u011flayacak somut sonu\u00e7lara ula\u015faca\u011f\u0131na g\u00fcvendi\u011fini vurgulayarak, \u0130ran&#8217;\u0131n b\u00f6lge \u00fclkeleri aras\u0131ndaki i\u015f birli\u011fine y\u00f6nelik sundu\u011fu b\u00f6lgesel eylem plan\u0131n\u0131n alt\u0131n\u0131 \u00e7izerek, Suriye&#8217;nin bu konferanstaki \u00f6nerileri aras\u0131nda kum ve toz f\u0131rt\u0131nalar\u0131n\u0131n izlenmesi ve erken uyar\u0131s\u0131 i\u00e7in b\u00f6lgesel bir merkez kurulmas\u0131n\u0131n yan\u0131 s\u0131ra gerekli projelerin uygulanmas\u0131nda desteklenmesinin de yer ald\u0131\u011f\u0131n\u0131 belirtti.<\/p>\n<p style=\"text-align: justify;\">Deveci \u00a0konu\u015fmas\u0131n\u0131 \u015f\u00f6yle tamamlad\u0131: \u00a0\u2018\u2019Cumhurba\u015fkan\u0131 Be\u015f\u015far Esad, \u00a0liderli\u011findeki Suriye stratejisi, s\u00fcrd\u00fcr\u00fclebilir kalk\u0131nmay\u0131 sa\u011flama \u00e7abalar\u0131ndan yararlanman\u0131n temeli olarak kabul edilen adil ve kapsaml\u0131 bir bar\u0131\u015fa dayan\u0131yor. Bu da sonu\u00e7ta \u00e7evrenin korunmas\u0131na yol a\u00e7arken, di\u011fer taraftan ter\u00f6r\u00fc destekleyen \u00fclkeler, silahl\u0131 ter\u00f6r gruplar\u0131na destek vererek hem insanlar\u0131 \u00f6ld\u00fcrmeye hem de \u00e7evreyi yok etmeye \u00e7al\u0131\u015fmaktad\u0131r.\u2019\u2019<\/p>\n<p><a href=\"https:\/\/t.me\/SuriyeArapHaberAjansI\">Telegram Kanal\u0131m\u0131z\u00a0<\/a><\/p>\n<p><a href=\"https:\/\/www.facebook.com\/SANAHaberAjansi\/\">Facebook Sayfam\u0131z<\/a><\/p>\n<p><a href=\"https:\/\/twitter.com\/arap_ajans\">Twitter Hesab\u0131m\u0131z<\/a><\/p>\n","protected":false},"excerpt":{"rendered":"<p>TAHARAN 09 EYL\u00dcL (SANA) \u2013 Yerel Y\u00f6netim ve \u00c7evre Bakan\u0131 Mutaz Deveci, \u00a0Suriye&#8217;de y\u00fcr\u00fct\u00fclen haks\u0131z sava\u015f\u0131n ekonomik, sosyal ve \u00e7evresel ko\u015fullar\u0131n bozulmas\u0131na, iklim de\u011fi\u015fikli\u011fi dahil do\u011fal afetlere kar\u015f\u0131 zay\u0131f tepki verilmesine neden oldu\u011funu, bunun da bu sistemlerde ciddi bozulmalara ve kirlilikte art\u0131\u015fa yol a\u00e7t\u0131\u011f\u0131n\u0131 vurgulad\u0131. Deveci ayr\u0131ca, \u00a0\u0130ran&#8217;\u0131n ba\u015fkenti Tahran&#8217;da bu sabah ba\u015flayan Uluslararas\u0131 Kum &hellip;<\/p>\n","protected":false},"author":41,"featured_media":287775,"comment_status":"closed","ping_status":"closed","sticky":false,"template":"","format":"standard","meta":{"footnotes":""},"categories":[458,459,17988],"tags":[20976,10745],"class_list":["post-287774","post","type-post","status-publish","format-standard","has-post-thumbnail","","category-dunya1","category-haberler-arap-uluslararasi-politika","category-son-haberler","tag-suriye-ve-iran","tag-tahran"],"_links":{"self":[{"href":"https:\/\/archive.sana.sy\/tr\/index.php?rest_route=\/wp\/v2\/posts\/287774","targetHints":{"allow":["GET"]}}],"collection":[{"href":"https:\/\/archive.sana.sy\/tr\/index.php?rest_route=\/wp\/v2\/posts"}],"about":[{"href":"https:\/\/archive.sana.sy\/tr\/index.php?rest_route=\/wp\/v2\/types\/post"}],"author":[{"embeddable":true,"href":"https:\/\/archive.sana.sy\/tr\/index.php?rest_route=\/wp\/v2\/users\/41"}],"replies":[{"embeddable":true,"href":"https:\/\/archive.sana.sy\/tr\/index.php?rest_route=%2Fwp%2Fv2%2Fcomments&post=287774"}],"version-history":[{"count":3,"href":"https:\/\/archive.sana.sy\/tr\/index.php?rest_route=\/wp\/v2\/posts\/287774\/revisions"}],"predecessor-version":[{"id":287809,"href":"https:\/\/archive.sana.sy\/tr\/index.php?rest_route=\/wp\/v2\/posts\/287774\/revisions\/287809"}],"wp:featuredmedia":[{"embeddable":true,"href":"https:\/\/archive.sana.sy\/tr\/index.php?rest_route=\/wp\/v2\/media\/287775"}],"wp:attachment":[{"href":"https:\/\/archive.sana.sy\/tr\/index.php?rest_route=%2Fwp%2Fv2%2Fmedia&parent=287774"}],"wp:term":[{"taxonomy":"category","embeddable":true,"href":"https:\/\/archive.sana.sy\/tr\/index.php?rest_route=%2Fwp%2Fv2%2Fcategories&post=287774"},{"taxonomy":"post_tag","embeddable":true,"href":"https:\/\/archive.sana.sy\/tr\/index.php?rest_route=%2Fwp%2Fv2%2Ftags&post=287774"}],"curies":[{"name":"wp","href":"https:\/\/api.w.org\/{rel}","templated":true}]}}