{"id":287778,"date":"2023-09-09T10:40:33","date_gmt":"2023-09-09T07:40:33","guid":{"rendered":"https:\/\/sana.sy\/tr\/?p=287778"},"modified":"2023-09-13T08:13:54","modified_gmt":"2023-09-13T05:13:54","slug":"isgal-suclarini-reddeden-uc-filistinli-tutuklu-aclik-grevine-devam-ediyor","status":"publish","type":"post","link":"https:\/\/archive.sana.sy\/tr\/?p=287778","title":{"rendered":"\u0130\u015fgal Su\u00e7lar\u0131n\u0131 Reddeden \u00dc\u00e7 Filistinli Esir A\u00e7l\u0131k Grevine Devam Ediyor"},"content":{"rendered":"<p style=\"text-align: justify;\"><strong>\u0130\u015eGAL ED\u0130LEN KUD\u00dcS 09 EYLL (SANA)<\/strong> &#8211; \u00dc\u00e7 Filistinli esir, \u0130srail i\u015fgalinin g\u00f6zalt\u0131 merkezlerindeki tutuklular\u0131n haklar\u0131na y\u00f6nelik devam eden ihlallerini protesto etmek amac\u0131yla a\u00e7l\u0131k grevine devam ediyor.<\/p>\n<p style=\"text-align: justify;\">Esir Kul\u00fcb\u00fc, Bug\u00fcn Wafa Ajans\u0131&#8217;n\u0131n haberine g\u00f6re yapt\u0131\u011f\u0131 a\u00e7\u0131klamada, grevdeki mahkumlar\u0131n 38 g\u00fcnd\u00fcr grevde olan Sultan Hallouf ve Kayed Al-Fasfous ile 18 g\u00fcnd\u00fcr grevde olan mahkum Mahir El Ahras oldu\u011funu a\u00e7\u0131klayarak, \u0130\u015fgal g\u00f6zalt\u0131 merkezlerindeki eski mahkumlar olduklar\u0131na dikkat \u00e7ekti.<\/p>\n<p style=\"text-align: justify;\">Kul\u00fcp, mahk\u00fbmlar\u0131n a\u015f\u0131r\u0131 yorgunluk, kan kusma, g\u00f6rme g\u00fc\u00e7l\u00fc\u011f\u00fc, \u015fiddetli ba\u015f a\u011fr\u0131s\u0131, ba\u015f d\u00f6nmesi ve ayakta durma g\u00fc\u00e7l\u00fc\u011f\u00fc ya\u015famalar\u0131 nedeniyle sa\u011fl\u0131k durumlar\u0131n\u0131n k\u00f6t\u00fcle\u015fti\u011fi konusunda uyard\u0131.<\/p>\n<p style=\"text-align: justify;\">Kul\u00fcp ayr\u0131ca, Kul\u00fcp, uluslararas\u0131 insan haklar\u0131 ve insani yard\u0131m kurulu\u015flar\u0131na, g\u00f6zalt\u0131 merkezlerinde \u00e7e\u015fitli psikolojik ve fiziksel i\u015fkenceye maruz kalan Filistinli mahkumlar\u0131n serbest b\u0131rak\u0131lmas\u0131 i\u00e7in i\u015fgalcilere bask\u0131 yapma \u00e7a\u011fr\u0131s\u0131n\u0131 yineledi.<\/p>\n<p><a href=\"https:\/\/t.me\/SuriyeArapHaberAjansI\">Telegram Kanal\u0131m\u0131z\u00a0<\/a><\/p>\n<p><a href=\"https:\/\/www.facebook.com\/SANAHaberAjansi\/\">Facebook Sayfam\u0131z<\/a><\/p>\n<p><a href=\"https:\/\/twitter.com\/arap_ajans\">Twitter Hesab\u0131m\u0131z<\/a><\/p>\n","protected":false},"excerpt":{"rendered":"<p>\u0130\u015eGAL ED\u0130LEN KUD\u00dcS 09 EYLL (SANA) &#8211; \u00dc\u00e7 Filistinli esir, \u0130srail i\u015fgalinin g\u00f6zalt\u0131 merkezlerindeki tutuklular\u0131n haklar\u0131na y\u00f6nelik devam eden ihlallerini protesto etmek amac\u0131yla a\u00e7l\u0131k grevine devam ediyor. Esir Kul\u00fcb\u00fc, Bug\u00fcn Wafa Ajans\u0131&#8217;n\u0131n haberine g\u00f6re yapt\u0131\u011f\u0131 a\u00e7\u0131klamada, grevdeki mahkumlar\u0131n 38 g\u00fcnd\u00fcr grevde olan Sultan Hallouf ve Kayed Al-Fasfous ile 18 g\u00fcnd\u00fcr grevde olan mahkum Mahir El &hellip;<\/p>\n","protected":false},"author":41,"featured_media":287779,"comment_status":"closed","ping_status":"closed","sticky":false,"template":"","format":"standard","meta":{"footnotes":""},"categories":[458,459,17988],"tags":[39649],"class_list":["post-287778","post","type-post","status-publish","format-standard","has-post-thumbnail","","category-dunya1","category-haberler-arap-uluslararasi-politika","category-son-haberler","tag-isgal-suclarini-reddeden-uc-filistinli-tutuklu-aclik-grevine-devam-ediyor"],"_links":{"self":[{"href":"https:\/\/archive.sana.sy\/tr\/index.php?rest_route=\/wp\/v2\/posts\/287778","targetHints":{"allow":["GET"]}}],"collection":[{"href":"https:\/\/archive.sana.sy\/tr\/index.php?rest_route=\/wp\/v2\/posts"}],"about":[{"href":"https:\/\/archive.sana.sy\/tr\/index.php?rest_route=\/wp\/v2\/types\/post"}],"author":[{"embeddable":true,"href":"https:\/\/archive.sana.sy\/tr\/index.php?rest_route=\/wp\/v2\/users\/41"}],"replies":[{"embeddable":true,"href":"https:\/\/archive.sana.sy\/tr\/index.php?rest_route=%2Fwp%2Fv2%2Fcomments&post=287778"}],"version-history":[{"count":4,"href":"https:\/\/archive.sana.sy\/tr\/index.php?rest_route=\/wp\/v2\/posts\/287778\/revisions"}],"predecessor-version":[{"id":287787,"href":"https:\/\/archive.sana.sy\/tr\/index.php?rest_route=\/wp\/v2\/posts\/287778\/revisions\/287787"}],"wp:featuredmedia":[{"embeddable":true,"href":"https:\/\/archive.sana.sy\/tr\/index.php?rest_route=\/wp\/v2\/media\/287779"}],"wp:attachment":[{"href":"https:\/\/archive.sana.sy\/tr\/index.php?rest_route=%2Fwp%2Fv2%2Fmedia&parent=287778"}],"wp:term":[{"taxonomy":"category","embeddable":true,"href":"https:\/\/archive.sana.sy\/tr\/index.php?rest_route=%2Fwp%2Fv2%2Fcategories&post=287778"},{"taxonomy":"post_tag","embeddable":true,"href":"https:\/\/archive.sana.sy\/tr\/index.php?rest_route=%2Fwp%2Fv2%2Ftags&post=287778"}],"curies":[{"name":"wp","href":"https:\/\/api.w.org\/{rel}","templated":true}]}}