{"id":287781,"date":"2023-09-09T15:54:08","date_gmt":"2023-09-09T12:54:08","guid":{"rendered":"https:\/\/sana.sy\/tr\/?p=287781"},"modified":"2023-09-11T14:06:16","modified_gmt":"2023-09-11T11:06:16","slug":"fastaki-depremde-olu-sayisi-820ye-yukseldi","status":"publish","type":"post","link":"https:\/\/archive.sana.sy\/tr\/?p=287781","title":{"rendered":"Fas&#8217;taki Depremde \u00d6l\u00fc Say\u0131s\u0131 820&#8217;ye Y\u00fckseldi"},"content":{"rendered":"<p style=\"text-align: justify;\"><strong>RABAT 09 EYL\u00dcL <\/strong><strong>(SANA) &#8211;<\/strong> Fas&#8217;ta bug\u00fcn \u015fafak vakti bir\u00e7ok ili etkileyen depremde \u00f6lenlerin say\u0131s\u0131 820&#8217;ye y\u00fckseldi, 205&#8217;i a\u011f\u0131r olmak \u00fczere 672 yaral\u0131 var.<\/p>\n<p style=\"text-align: justify;\">Fas \u0130\u00e7i\u015fleri Genel M\u00fcd\u00fcrl\u00fc\u011f\u00fc s\u00f6zc\u00fcs\u00fc bug\u00fcn yapt\u0131\u011f\u0131 bas\u0131n a\u00e7\u0131klamas\u0131nda, \u2018\u2019El Huz vilayetinde 394, Taroudant vilayetinde 271 \u00f6l\u00fcm, Chichaoua vilayetinde 91 \u00f6l\u00fcm, Ouarzazate vilayetinde 31 \u00f6l\u00fcm, Marake\u015f&#8217;te 13 \u00f6l\u00fcm kaydedildi. Ayr\u0131ca Azilal b\u00f6lgesinde 11, Agadir&#8217;de 5, B\u00fcy\u00fck Kazablanka&#8217;da 3, Youssoufia b\u00f6lgesinde ise 1 \u00f6l\u00fcm tescil edildi\u2019\u2019 dedi.<\/p>\n<p style=\"text-align: justify;\">S\u00f6zc\u00fc ayr\u0131ca, depremin ayn\u0131 zamanda \u00e7ok say\u0131da binan\u0131n \u00e7\u00f6kmesine neden oldu\u011funa dikkat \u00e7ekerek, t\u00fcm b\u00f6lgelerdeki silahl\u0131 kuvvetler, yerel y\u00f6netimler ve sivil koruma birimlerinin m\u00fcdahale etmek, gerekli yard\u0131m\u0131 sa\u011flamak ve hasar\u0131 de\u011ferlendirmek i\u00e7in t\u00fcm ara\u00e7 ve kabiliyetleri kullanmaya devam etti\u011fini anlatt\u0131.<\/p>\n<p style=\"text-align: justify;\">Buna kar\u015f\u0131l\u0131k Fas&#8217;taki Ulusal Bilimsel ve Teknik Ara\u015ft\u0131rma Merkezi, depremin b\u00fcy\u00fckl\u00fc\u011f\u00fcn\u00fcn Richter \u00f6l\u00e7e\u011fine g\u00f6re 7 dereceye ula\u015ft\u0131\u011f\u0131n\u0131, merkez \u00fcss\u00fcn\u00fcn ise 230 kilometre uzakl\u0131ktaki Marake\u015f \u015fehrinin g\u00fcneybat\u0131s\u0131ndaki El Huz eyaletinde oldu\u011funu a\u00e7\u0131klad\u0131. .<\/p>\n<p style=\"text-align: justify;\">Marake\u015f, Rabat, Kazablanka, Agadir ve Essaouira sakinlerinin depremi hissetmesi pani\u011fe yol a\u00e7arak vatanda\u015flar\u0131n sokaklara \u00e7\u0131kmas\u0131na neden oldu.<\/p>\n<p><a href=\"https:\/\/t.me\/SuriyeArapHaberAjansI\">Telegram Kanal\u0131m\u0131z\u00a0<\/a><\/p>\n<p><a href=\"https:\/\/www.facebook.com\/SANAHaberAjansi\/\">Facebook Sayfam\u0131z<\/a><\/p>\n<p><a href=\"https:\/\/twitter.com\/arap_ajans\">Twitter Hesab\u0131m\u0131z<\/a><\/p>\n","protected":false},"excerpt":{"rendered":"<p>RABAT 09 EYL\u00dcL (SANA) &#8211; Fas&#8217;ta bug\u00fcn \u015fafak vakti bir\u00e7ok ili etkileyen depremde \u00f6lenlerin say\u0131s\u0131 820&#8217;ye y\u00fckseldi, 205&#8217;i a\u011f\u0131r olmak \u00fczere 672 yaral\u0131 var. Fas \u0130\u00e7i\u015fleri Genel M\u00fcd\u00fcrl\u00fc\u011f\u00fc s\u00f6zc\u00fcs\u00fc bug\u00fcn yapt\u0131\u011f\u0131 bas\u0131n a\u00e7\u0131klamas\u0131nda, \u2018\u2019El Huz vilayetinde 394, Taroudant vilayetinde 271 \u00f6l\u00fcm, Chichaoua vilayetinde 91 \u00f6l\u00fcm, Ouarzazate vilayetinde 31 \u00f6l\u00fcm, Marake\u015f&#8217;te 13 \u00f6l\u00fcm kaydedildi. Ayr\u0131ca Azilal &hellip;<\/p>\n","protected":false},"author":41,"featured_media":287782,"comment_status":"closed","ping_status":"closed","sticky":false,"template":"","format":"standard","meta":{"footnotes":""},"categories":[458,459,17988],"tags":[39651,39650,39652],"class_list":["post-287781","post","type-post","status-publish","format-standard","has-post-thumbnail","","category-dunya1","category-haberler-arap-uluslararasi-politika","category-son-haberler","tag-fas-depremi","tag-fasta-meydana-gelen-deprem","tag-fastaki-depremde-olu-sayisi-820ye-yukseldi"],"_links":{"self":[{"href":"https:\/\/archive.sana.sy\/tr\/index.php?rest_route=\/wp\/v2\/posts\/287781","targetHints":{"allow":["GET"]}}],"collection":[{"href":"https:\/\/archive.sana.sy\/tr\/index.php?rest_route=\/wp\/v2\/posts"}],"about":[{"href":"https:\/\/archive.sana.sy\/tr\/index.php?rest_route=\/wp\/v2\/types\/post"}],"author":[{"embeddable":true,"href":"https:\/\/archive.sana.sy\/tr\/index.php?rest_route=\/wp\/v2\/users\/41"}],"replies":[{"embeddable":true,"href":"https:\/\/archive.sana.sy\/tr\/index.php?rest_route=%2Fwp%2Fv2%2Fcomments&post=287781"}],"version-history":[{"count":2,"href":"https:\/\/archive.sana.sy\/tr\/index.php?rest_route=\/wp\/v2\/posts\/287781\/revisions"}],"predecessor-version":[{"id":287811,"href":"https:\/\/archive.sana.sy\/tr\/index.php?rest_route=\/wp\/v2\/posts\/287781\/revisions\/287811"}],"wp:featuredmedia":[{"embeddable":true,"href":"https:\/\/archive.sana.sy\/tr\/index.php?rest_route=\/wp\/v2\/media\/287782"}],"wp:attachment":[{"href":"https:\/\/archive.sana.sy\/tr\/index.php?rest_route=%2Fwp%2Fv2%2Fmedia&parent=287781"}],"wp:term":[{"taxonomy":"category","embeddable":true,"href":"https:\/\/archive.sana.sy\/tr\/index.php?rest_route=%2Fwp%2Fv2%2Fcategories&post=287781"},{"taxonomy":"post_tag","embeddable":true,"href":"https:\/\/archive.sana.sy\/tr\/index.php?rest_route=%2Fwp%2Fv2%2Ftags&post=287781"}],"curies":[{"name":"wp","href":"https:\/\/api.w.org\/{rel}","templated":true}]}}