{"id":287788,"date":"2023-09-09T12:02:05","date_gmt":"2023-09-09T09:02:05","guid":{"rendered":"https:\/\/sana.sy\/tr\/?p=287788"},"modified":"2023-09-13T08:13:57","modified_gmt":"2023-09-13T05:13:57","slug":"suriyenin-katilimiyla-tahranda-uluslararasi-kum-ve-toz-firtinalariyla-mucadele-konferansi-basladi","status":"publish","type":"post","link":"https:\/\/archive.sana.sy\/tr\/?p=287788","title":{"rendered":"Suriye&#8217;nin Kat\u0131l\u0131m\u0131yla Tahran&#8217;da Uluslararas\u0131 Kum Ve Toz F\u0131rt\u0131nalar\u0131yla M\u00fccadele Konferans\u0131 Ba\u015flad\u0131"},"content":{"rendered":"<p style=\"text-align: justify;\"><strong>TAHRAN 09 EYL\u00dcL (SANA)<\/strong> &#8211; Uluslararas\u0131 Kum ve Toz F\u0131rt\u0131nalar\u0131yla M\u00fccadele Konferans\u0131 \u00a0\u00a0Suriye heyetinin kat\u0131l\u0131m\u0131yla bug\u00fcn \u0130ran&#8217;\u0131n ba\u015fkenti Tahran&#8217;da ba\u015flad\u0131.<\/p>\n<p style=\"text-align: justify;\">Konferansta, tozun tahmini ve uyar\u0131s\u0131, zararlar\u0131 ve yans\u0131malar\u0131 ile Bat\u0131 ve Orta Asya&#8217;daki kum ve toz f\u0131rt\u0131nalar\u0131n\u0131n erken uyar\u0131s\u0131 i\u00e7in b\u00f6lgesel bir merkezin kurulmas\u0131 konular\u0131nda uzmanla\u015fm\u0131\u015f toplant\u0131lar ger\u00e7ekle\u015ftirilecek.<\/p>\n<p style=\"text-align: justify;\">\u0130ran Cumhurba\u015fkan\u0131 \u0130brahim Reisi, konferansta yapt\u0131\u011f\u0131 konu\u015fmada, toz art\u0131\u015f\u0131n\u0131n nedenlerinden birinin \u00e7evreye ve kirleticilere dikkat edilmeden yap\u0131lan kalk\u0131nma oldu\u011funu vurgulayarak, geli\u015fmi\u015f \u00fclkelerin yaln\u0131zca end\u00fcstriyel kalk\u0131nma ve askeri te\u00e7hizatlar\u0131n\u0131 \u00f6nemsediklerini, bunun insanl\u0131\u011fa ve \u00e7evreye haks\u0131zl\u0131k oldu\u011funa dikkati \u00e7ekti.<\/p>\n<p style=\"text-align: justify;\">Reisi ayr\u0131ca, toz olgusunun artmas\u0131 ve yay\u0131lmas\u0131n\u0131n \u00f6nemli nedenleri aras\u0131nda kurakl\u0131k, ya\u011f\u0131\u015f azl\u0131\u011f\u0131 ve su kaynaklar\u0131n\u0131n yanl\u0131\u015f kullan\u0131m\u0131n\u0131n oldu\u011funa dikkat \u00e7ekerek, bu sorunun \u00fcstesinden gelmenin yolunun \u00fclkeler aras\u0131nda sinerji, yak\u0131nla\u015fma ve kat\u0131l\u0131m oldu\u011funu vurgulad\u0131.<\/p>\n<p style=\"text-align: justify;\"><a href=\"https:\/\/t.me\/SuriyeArapHaberAjansI\">Telegram Kanal\u0131m\u0131z\u00a0<\/a><\/p>\n<p style=\"text-align: justify;\"><a href=\"https:\/\/www.facebook.com\/SANAHaberAjansi\/\">Facebook Sayfam\u0131z<\/a><\/p>\n<p style=\"text-align: justify;\"><a href=\"https:\/\/twitter.com\/arap_ajans\">Twitter Hesab\u0131m\u0131z<\/a><\/p>\n","protected":false},"excerpt":{"rendered":"<p>TAHRAN 09 EYL\u00dcL (SANA) &#8211; Uluslararas\u0131 Kum ve Toz F\u0131rt\u0131nalar\u0131yla M\u00fccadele Konferans\u0131 \u00a0\u00a0Suriye heyetinin kat\u0131l\u0131m\u0131yla bug\u00fcn \u0130ran&#8217;\u0131n ba\u015fkenti Tahran&#8217;da ba\u015flad\u0131. Konferansta, tozun tahmini ve uyar\u0131s\u0131, zararlar\u0131 ve yans\u0131malar\u0131 ile Bat\u0131 ve Orta Asya&#8217;daki kum ve toz f\u0131rt\u0131nalar\u0131n\u0131n erken uyar\u0131s\u0131 i\u00e7in b\u00f6lgesel bir merkezin kurulmas\u0131 konular\u0131nda uzmanla\u015fm\u0131\u015f toplant\u0131lar ger\u00e7ekle\u015ftirilecek. \u0130ran Cumhurba\u015fkan\u0131 \u0130brahim Reisi, konferansta yapt\u0131\u011f\u0131 konu\u015fmada, &hellip;<\/p>\n","protected":false},"author":41,"featured_media":287789,"comment_status":"closed","ping_status":"closed","sticky":false,"template":"","format":"standard","meta":{"footnotes":""},"categories":[458,459,17988],"tags":[39653],"class_list":["post-287788","post","type-post","status-publish","format-standard","has-post-thumbnail","","category-dunya1","category-haberler-arap-uluslararasi-politika","category-son-haberler","tag-suriyenin-katilimiyla-tahranda-uluslararasi-kum-ve-toz-firtinalariyla-mucadele-konferansi-basladi"],"_links":{"self":[{"href":"https:\/\/archive.sana.sy\/tr\/index.php?rest_route=\/wp\/v2\/posts\/287788","targetHints":{"allow":["GET"]}}],"collection":[{"href":"https:\/\/archive.sana.sy\/tr\/index.php?rest_route=\/wp\/v2\/posts"}],"about":[{"href":"https:\/\/archive.sana.sy\/tr\/index.php?rest_route=\/wp\/v2\/types\/post"}],"author":[{"embeddable":true,"href":"https:\/\/archive.sana.sy\/tr\/index.php?rest_route=\/wp\/v2\/users\/41"}],"replies":[{"embeddable":true,"href":"https:\/\/archive.sana.sy\/tr\/index.php?rest_route=%2Fwp%2Fv2%2Fcomments&post=287788"}],"version-history":[{"count":1,"href":"https:\/\/archive.sana.sy\/tr\/index.php?rest_route=\/wp\/v2\/posts\/287788\/revisions"}],"predecessor-version":[{"id":287790,"href":"https:\/\/archive.sana.sy\/tr\/index.php?rest_route=\/wp\/v2\/posts\/287788\/revisions\/287790"}],"wp:featuredmedia":[{"embeddable":true,"href":"https:\/\/archive.sana.sy\/tr\/index.php?rest_route=\/wp\/v2\/media\/287789"}],"wp:attachment":[{"href":"https:\/\/archive.sana.sy\/tr\/index.php?rest_route=%2Fwp%2Fv2%2Fmedia&parent=287788"}],"wp:term":[{"taxonomy":"category","embeddable":true,"href":"https:\/\/archive.sana.sy\/tr\/index.php?rest_route=%2Fwp%2Fv2%2Fcategories&post=287788"},{"taxonomy":"post_tag","embeddable":true,"href":"https:\/\/archive.sana.sy\/tr\/index.php?rest_route=%2Fwp%2Fv2%2Ftags&post=287788"}],"curies":[{"name":"wp","href":"https:\/\/api.w.org\/{rel}","templated":true}]}}