{"id":287791,"date":"2023-09-09T17:07:33","date_gmt":"2023-09-09T14:07:33","guid":{"rendered":"https:\/\/sana.sy\/tr\/?p=287791"},"modified":"2023-09-11T14:06:20","modified_gmt":"2023-09-11T11:06:20","slug":"bakan-mikdad-fas-kralliginin-bircok-bolgesinde-meydana-gelen-depremde-hayatini-kaybedenler-icin-bassagligi-diledi","status":"publish","type":"post","link":"https:\/\/archive.sana.sy\/tr\/?p=287791","title":{"rendered":"Bakan Mikdad, Fas Krall\u0131\u011f\u0131&#8217;n\u0131n Bir\u00e7ok B\u00f6lgesinde Meydana Gelen Depremde Hayat\u0131n\u0131 Kaybedenler \u0130\u00e7in Ba\u015fsa\u011fl\u0131\u011f\u0131 Diledi"},"content":{"rendered":"<p style=\"text-align: justify;\"><strong>\u015eAM 09 EYL\u00dcL (SANA)<\/strong> &#8211; Bug\u00fcn D\u0131\u015fi\u015fleri ve Gurbe\u00e7iler Bakan\u0131 Faysal Mikdad, 9 Eyl\u00fcl 2023 Cumartesi sabah\u0131 Krall\u0131k&#8217;ta bir\u00e7ok b\u00f6lgeyi vuran ve y\u00fczlerce kurban, yaral\u0131 ve bir\u00e7ok binada hasar olu\u015fturan \u015fiddetli depremde hayat\u0131n\u0131 kaybedenler i\u00e7in D\u0131\u015fi\u015fleri, Afrika \u0130\u015fbirli\u011fi ve Fas Krall\u0131\u011f\u0131&#8217;nda Yurtd\u0131\u015f\u0131nda \u0130kamet Eden Fasl\u0131lar Bakan\u0131 Nas\u0131r Burita&#8217;ya taziye mesaj\u0131 g\u00f6nderdi.<\/p>\n<p style=\"text-align: justify;\">Bakan Mikdad, Fasl\u0131 mevkida\u015f\u0131na, bu zorlu s\u00fcre\u00e7te Suriye ve halk\u0131n\u0131n Fas halk\u0131yla dayan\u0131\u015fmas\u0131n\u0131 dile getirerek, depremde hayat\u0131n\u0131 kaybedenlere rahmet, ailelerine sab\u0131r ve teselli, yaral\u0131lara da Allah&#8217;tan acil \u015fifalar diledi.<\/p>\n<p style=\"text-align: justify;\">Bakan Mikdad ayr\u0131ca, karde\u015f Fas halk\u0131n\u0131n bu felaketi a\u015farak depremde y\u0131k\u0131lanlar\u0131 yeniden in\u015fa edece\u011fine olan g\u00fcvenini de dile getirdi.<\/p>\n<p><a href=\"https:\/\/t.me\/SuriyeArapHaberAjansI\">Telegram Kanal\u0131m\u0131z\u00a0<\/a><\/p>\n<p><a href=\"https:\/\/www.facebook.com\/SANAHaberAjansi\/\">Facebook Sayfam\u0131z<\/a><\/p>\n<p><a href=\"https:\/\/twitter.com\/arap_ajans\">Twitter Hesab\u0131m\u0131z<\/a><\/p>\n","protected":false},"excerpt":{"rendered":"<p>\u015eAM 09 EYL\u00dcL (SANA) &#8211; Bug\u00fcn D\u0131\u015fi\u015fleri ve Gurbe\u00e7iler Bakan\u0131 Faysal Mikdad, 9 Eyl\u00fcl 2023 Cumartesi sabah\u0131 Krall\u0131k&#8217;ta bir\u00e7ok b\u00f6lgeyi vuran ve y\u00fczlerce kurban, yaral\u0131 ve bir\u00e7ok binada hasar olu\u015fturan \u015fiddetli depremde hayat\u0131n\u0131 kaybedenler i\u00e7in D\u0131\u015fi\u015fleri, Afrika \u0130\u015fbirli\u011fi ve Fas Krall\u0131\u011f\u0131&#8217;nda Yurtd\u0131\u015f\u0131nda \u0130kamet Eden Fasl\u0131lar Bakan\u0131 Nas\u0131r Burita&#8217;ya taziye mesaj\u0131 g\u00f6nderdi. Bakan Mikdad, Fasl\u0131 mevkida\u015f\u0131na, &hellip;<\/p>\n","protected":false},"author":41,"featured_media":287740,"comment_status":"closed","ping_status":"closed","sticky":false,"template":"","format":"standard","meta":{"footnotes":""},"categories":[479,17988,478],"tags":[39654,39651,39655,39656],"class_list":["post-287791","post","type-post","status-publish","format-standard","has-post-thumbnail","","category-haberler-yerel","category-son-haberler","category-yerel","tag-bakan-mikdad","tag-fas-depremi","tag-fas-kralliginin-bircok-bolgesinde-meydana-gelen-depremde-hayatini-kaybedenler-icin-bassagligi-diledi","tag-fastaki-deprem"],"_links":{"self":[{"href":"https:\/\/archive.sana.sy\/tr\/index.php?rest_route=\/wp\/v2\/posts\/287791","targetHints":{"allow":["GET"]}}],"collection":[{"href":"https:\/\/archive.sana.sy\/tr\/index.php?rest_route=\/wp\/v2\/posts"}],"about":[{"href":"https:\/\/archive.sana.sy\/tr\/index.php?rest_route=\/wp\/v2\/types\/post"}],"author":[{"embeddable":true,"href":"https:\/\/archive.sana.sy\/tr\/index.php?rest_route=\/wp\/v2\/users\/41"}],"replies":[{"embeddable":true,"href":"https:\/\/archive.sana.sy\/tr\/index.php?rest_route=%2Fwp%2Fv2%2Fcomments&post=287791"}],"version-history":[{"count":2,"href":"https:\/\/archive.sana.sy\/tr\/index.php?rest_route=\/wp\/v2\/posts\/287791\/revisions"}],"predecessor-version":[{"id":287799,"href":"https:\/\/archive.sana.sy\/tr\/index.php?rest_route=\/wp\/v2\/posts\/287791\/revisions\/287799"}],"wp:featuredmedia":[{"embeddable":true,"href":"https:\/\/archive.sana.sy\/tr\/index.php?rest_route=\/wp\/v2\/media\/287740"}],"wp:attachment":[{"href":"https:\/\/archive.sana.sy\/tr\/index.php?rest_route=%2Fwp%2Fv2%2Fmedia&parent=287791"}],"wp:term":[{"taxonomy":"category","embeddable":true,"href":"https:\/\/archive.sana.sy\/tr\/index.php?rest_route=%2Fwp%2Fv2%2Fcategories&post=287791"},{"taxonomy":"post_tag","embeddable":true,"href":"https:\/\/archive.sana.sy\/tr\/index.php?rest_route=%2Fwp%2Fv2%2Ftags&post=287791"}],"curies":[{"name":"wp","href":"https:\/\/api.w.org\/{rel}","templated":true}]}}