{"id":287795,"date":"2023-09-09T11:21:51","date_gmt":"2023-09-09T08:21:51","guid":{"rendered":"https:\/\/sana.sy\/tr\/?p=287795"},"modified":"2023-09-10T11:27:55","modified_gmt":"2023-09-10T08:27:55","slug":"vakiflar-bakani-suriye-her-turlu-asirilik-ve-fanatizme-karsi-mucadelede-harika-bir-deneyim-sagladi","status":"publish","type":"post","link":"https:\/\/archive.sana.sy\/tr\/?p=287795","title":{"rendered":"Vak\u0131flar Bakan\u0131: Suriye, Her T\u00fcrl\u00fc A\u015f\u0131r\u0131l\u0131k Ve Fanatizme Kar\u015f\u0131 M\u00fccadelede Harika Bir Deneyim Sa\u011flad\u0131"},"content":{"rendered":"<p style=\"text-align: justify;\"><strong>TAHRAN 09 EYL\u00dcL (SANA)<\/strong> &#8211; Suriye&#8217;nin kat\u0131l\u0131m\u0131yla M\u0131s\u0131r&#8217;\u0131n ba\u015fkenti Kahire&#8217;de \u0130slam \u0130\u015fleri Y\u00fcksek Konseyi taraf\u0131ndan d\u00fczenlenen <img loading=\"lazy\" decoding=\"async\" class=\"size-full wp-image-287797 alignright\" src=\"http:\/\/sana.sy\/tr\/wp-content\/uploads\/2023\/09\/321\u064a\u06333-300x200-1.jpg\" alt=\"\" width=\"300\" height=\"200\" \/>(Siberuzay ve Modern Dini S\u00f6ylem Ara\u00e7lar\u0131) ba\u015fl\u0131kl\u0131 otuz d\u00f6rd\u00fcnc\u00fc uluslararas\u0131 konferans\u0131n \u00e7al\u0131\u015fmalar\u0131 bug\u00fcn ba\u015flad\u0131.<\/p>\n<p style=\"text-align: justify;\">Vak\u0131flar Bakan\u0131 Dr. Muhammed Abd\u00fclsettar El Seyyid, konferans s\u0131ras\u0131nda yapt\u0131\u011f\u0131 konu\u015fmada, Suriye&#8217;nin t\u00fcm kurumlar\u0131yla birlikte her t\u00fcrl\u00fc a\u015f\u0131r\u0131l\u0131k ve fanatizmle m\u00fccadelede b\u00fcy\u00fck bir deneyim sa\u011flad\u0131\u011f\u0131n\u0131 vurgulayarak, Gen\u00e7leri siber uzay arac\u0131l\u0131\u011f\u0131yla etkilemekten kaynaklanan ter\u00f6rizm, cinayet, a\u015f\u0131r\u0131c\u0131l\u0131k ve a\u015f\u0131r\u0131c\u0131l\u0131k konusunda ac\u0131 bir deneyim ya\u015fad\u0131\u011f\u0131na i\u015faret etti.<\/p>\n<p style=\"text-align: justify;\">El Seyyid, insanlar\u0131 ayr\u0131l\u0131k ve ihtilaf tohumlar\u0131n\u0131 eken ihtilaf ve ayr\u0131nt\u0131lar i\u00e7inde bo\u011fmak yerine, \u0130slam&#8217;\u0131n y\u00fcce ve b\u00fcy\u00fck de\u011ferlerinin Allah&#8217;a \u00e7a\u011fr\u0131 unvan\u0131 haline getirilmesi \u00e7a\u011fr\u0131s\u0131nda bulunarak, bir yandan a\u015f\u0131r\u0131c\u0131l\u0131\u011f\u0131n zorluklar\u0131na, di\u011fer yandan yolsuzluk ve ahlaki \u00e7\u00fcr\u00fcmenin tehlikelerine kar\u015f\u0131 uyard\u0131.<\/p>\n<p><a href=\"https:\/\/t.me\/SuriyeArapHaberAjansI\">Telegram Kanal\u0131m\u0131z\u00a0<\/a><\/p>\n<p><a href=\"https:\/\/www.facebook.com\/SANAHaberAjansi\/\">Facebook Sayfam\u0131z<\/a><\/p>\n<p><a href=\"https:\/\/twitter.com\/arap_ajans\">Twitter Hesab\u0131m\u0131z<\/a><\/p>\n","protected":false},"excerpt":{"rendered":"<p>TAHRAN 09 EYL\u00dcL (SANA) &#8211; Suriye&#8217;nin kat\u0131l\u0131m\u0131yla M\u0131s\u0131r&#8217;\u0131n ba\u015fkenti Kahire&#8217;de \u0130slam \u0130\u015fleri Y\u00fcksek Konseyi taraf\u0131ndan d\u00fczenlenen (Siberuzay ve Modern Dini S\u00f6ylem Ara\u00e7lar\u0131) ba\u015fl\u0131kl\u0131 otuz d\u00f6rd\u00fcnc\u00fc uluslararas\u0131 konferans\u0131n \u00e7al\u0131\u015fmalar\u0131 bug\u00fcn ba\u015flad\u0131. Vak\u0131flar Bakan\u0131 Dr. Muhammed Abd\u00fclsettar El Seyyid, konferans s\u0131ras\u0131nda yapt\u0131\u011f\u0131 konu\u015fmada, Suriye&#8217;nin t\u00fcm kurumlar\u0131yla birlikte her t\u00fcrl\u00fc a\u015f\u0131r\u0131l\u0131k ve fanatizmle m\u00fccadelede b\u00fcy\u00fck bir deneyim sa\u011flad\u0131\u011f\u0131n\u0131 &hellip;<\/p>\n","protected":false},"author":41,"featured_media":287796,"comment_status":"closed","ping_status":"closed","sticky":false,"template":"","format":"standard","meta":{"footnotes":""},"categories":[458,459,17988],"tags":[39658,39657],"class_list":["post-287795","post","type-post","status-publish","format-standard","has-post-thumbnail","","category-dunya1","category-haberler-arap-uluslararasi-politika","category-son-haberler","tag-her-turlu-asirilik-ve-fanatizme-karsi-mucadelede-harika-bir-deneyim-sagladi","tag-vakiflar-bakani-suriye"],"_links":{"self":[{"href":"https:\/\/archive.sana.sy\/tr\/index.php?rest_route=\/wp\/v2\/posts\/287795","targetHints":{"allow":["GET"]}}],"collection":[{"href":"https:\/\/archive.sana.sy\/tr\/index.php?rest_route=\/wp\/v2\/posts"}],"about":[{"href":"https:\/\/archive.sana.sy\/tr\/index.php?rest_route=\/wp\/v2\/types\/post"}],"author":[{"embeddable":true,"href":"https:\/\/archive.sana.sy\/tr\/index.php?rest_route=\/wp\/v2\/users\/41"}],"replies":[{"embeddable":true,"href":"https:\/\/archive.sana.sy\/tr\/index.php?rest_route=%2Fwp%2Fv2%2Fcomments&post=287795"}],"version-history":[{"count":1,"href":"https:\/\/archive.sana.sy\/tr\/index.php?rest_route=\/wp\/v2\/posts\/287795\/revisions"}],"predecessor-version":[{"id":287798,"href":"https:\/\/archive.sana.sy\/tr\/index.php?rest_route=\/wp\/v2\/posts\/287795\/revisions\/287798"}],"wp:featuredmedia":[{"embeddable":true,"href":"https:\/\/archive.sana.sy\/tr\/index.php?rest_route=\/wp\/v2\/media\/287796"}],"wp:attachment":[{"href":"https:\/\/archive.sana.sy\/tr\/index.php?rest_route=%2Fwp%2Fv2%2Fmedia&parent=287795"}],"wp:term":[{"taxonomy":"category","embeddable":true,"href":"https:\/\/archive.sana.sy\/tr\/index.php?rest_route=%2Fwp%2Fv2%2Fcategories&post=287795"},{"taxonomy":"post_tag","embeddable":true,"href":"https:\/\/archive.sana.sy\/tr\/index.php?rest_route=%2Fwp%2Fv2%2Ftags&post=287795"}],"curies":[{"name":"wp","href":"https:\/\/api.w.org\/{rel}","templated":true}]}}