{"id":287800,"date":"2023-09-09T19:01:35","date_gmt":"2023-09-09T16:01:35","guid":{"rendered":"https:\/\/sana.sy\/tr\/?p=287800"},"modified":"2023-09-11T14:06:25","modified_gmt":"2023-09-11T11:06:25","slug":"20li-grup-uluslararasi-hukuk-ilkelerine-saygi-cagrisinda-bulundu","status":"publish","type":"post","link":"https:\/\/archive.sana.sy\/tr\/?p=287800","title":{"rendered":"20&#8217;li Grup, Uluslararas\u0131 Hukuk \u0130lkelerine Sayg\u0131 \u00c7a\u011fr\u0131s\u0131nda Bulundu"},"content":{"rendered":"<p style=\"text-align: justify;\"><strong>YEN\u0130 DELH\u0130 09 EYL\u00dcL (SANA)<\/strong> &#8211; Bug\u00fcn Hindistan&#8217;\u0131n ba\u015fkenti Yeni Delhi&#8217;de d\u00fczenlenen G-20 zirvesinde kabul edilen ortak deklarasyonda, anla\u015fmazl\u0131klar\u0131n bar\u0131\u015f\u00e7\u0131l \u00e7\u00f6z\u00fcm\u00fc ve diyalog y\u00f6nteminin hayati \u00f6nemine dikkat \u00e7ekilerek, t\u00fcm \u00fclkelere uluslararas\u0131 hukuk ilkelerine sayg\u0131 duymalar\u0131 \u00e7a\u011fr\u0131s\u0131nda bulunuldu.<\/p>\n<p style=\"text-align: justify;\">RT, grubun n\u00fckleer silah kullan\u0131m\u0131na veya n\u00fckleer silah tehdidine kar\u015f\u0131 \u00e7\u0131kt\u0131\u011f\u0131 ortak deklarasyonda, Rusya ve Ukrayna&#8217;dan g\u0131da ve g\u00fcbre tedarikinin sa\u011flanmas\u0131 i\u00e7in tah\u0131l anla\u015fmas\u0131n\u0131n tam olarak uygulanmas\u0131 ve D\u00fcnya Ticaret \u00d6rg\u00fct\u00fc&#8217;nde reform yap\u0131lmas\u0131 \u00e7a\u011fr\u0131s\u0131nda bulundu\u011funu aktard\u0131.<\/p>\n<p style=\"text-align: justify;\">Deklarsyonda, Grubun iklim de\u011fi\u015fikli\u011fiyle m\u00fccadeleye y\u00f6nelik eylemleri h\u0131zland\u0131rma s\u00f6z\u00fc verdi\u011fini ve yenilenebilir enerjiye y\u00f6nelik k\u00fcresel kapasiteyi art\u0131rma \u00e7abalar\u0131n\u0131 destekledi\u011fini kaydederek, art arda gelen krizlerin uzun vadede k\u00fcresel b\u00fcy\u00fcmeyi tehdit etti\u011fi a\u00e7\u0131kland\u0131 ve grubun bir sonraki zirvelerinin 2024&#8217;te Brezilya&#8217;da, 2025&#8217;te G\u00fcney Afrika&#8217;da ve 2026&#8217;da ABD&#8217;de ger\u00e7ekle\u015ftirilece\u011fine dikkat \u00e7ekildi.<\/p>\n<p style=\"text-align: justify;\">Ortak deklarasyonda ayr\u0131ca gruba \u00fcye \u00fclkeler aras\u0131nda Ukrayna&#8217;daki olaylara ili\u015fkin farkl\u0131 g\u00f6r\u00fc\u015f ve de\u011ferlendirmelerin varl\u0131\u011f\u0131n\u0131n kabul edildi\u011fi ifade edildi.<\/p>\n<p style=\"text-align: justify;\"><a href=\"https:\/\/t.me\/SuriyeArapHaberAjansI\">Telegram Kanal\u0131m\u0131z\u00a0<\/a><\/p>\n<p style=\"text-align: justify;\"><a href=\"https:\/\/www.facebook.com\/SANAHaberAjansi\/\">Facebook Sayfam\u0131z<\/a><\/p>\n<p style=\"text-align: justify;\"><a href=\"https:\/\/twitter.com\/arap_ajans\">Twitter Hesab\u0131m\u0131z<\/a><\/p>\n","protected":false},"excerpt":{"rendered":"<p>YEN\u0130 DELH\u0130 09 EYL\u00dcL (SANA) &#8211; Bug\u00fcn Hindistan&#8217;\u0131n ba\u015fkenti Yeni Delhi&#8217;de d\u00fczenlenen G-20 zirvesinde kabul edilen ortak deklarasyonda, anla\u015fmazl\u0131klar\u0131n bar\u0131\u015f\u00e7\u0131l \u00e7\u00f6z\u00fcm\u00fc ve diyalog y\u00f6nteminin hayati \u00f6nemine dikkat \u00e7ekilerek, t\u00fcm \u00fclkelere uluslararas\u0131 hukuk ilkelerine sayg\u0131 duymalar\u0131 \u00e7a\u011fr\u0131s\u0131nda bulunuldu. RT, grubun n\u00fckleer silah kullan\u0131m\u0131na veya n\u00fckleer silah tehdidine kar\u015f\u0131 \u00e7\u0131kt\u0131\u011f\u0131 ortak deklarasyonda, Rusya ve Ukrayna&#8217;dan g\u0131da ve &hellip;<\/p>\n","protected":false},"author":41,"featured_media":287801,"comment_status":"closed","ping_status":"closed","sticky":false,"template":"","format":"standard","meta":{"footnotes":""},"categories":[458,459,17988],"tags":[39659,5730,39660],"class_list":["post-287800","post","type-post","status-publish","format-standard","has-post-thumbnail","","category-dunya1","category-haberler-arap-uluslararasi-politika","category-son-haberler","tag-20li-grup","tag-bm","tag-uluslararasi-hukuk-ilkelerine-saygi-cagrisinda-bulundu"],"_links":{"self":[{"href":"https:\/\/archive.sana.sy\/tr\/index.php?rest_route=\/wp\/v2\/posts\/287800","targetHints":{"allow":["GET"]}}],"collection":[{"href":"https:\/\/archive.sana.sy\/tr\/index.php?rest_route=\/wp\/v2\/posts"}],"about":[{"href":"https:\/\/archive.sana.sy\/tr\/index.php?rest_route=\/wp\/v2\/types\/post"}],"author":[{"embeddable":true,"href":"https:\/\/archive.sana.sy\/tr\/index.php?rest_route=\/wp\/v2\/users\/41"}],"replies":[{"embeddable":true,"href":"https:\/\/archive.sana.sy\/tr\/index.php?rest_route=%2Fwp%2Fv2%2Fcomments&post=287800"}],"version-history":[{"count":2,"href":"https:\/\/archive.sana.sy\/tr\/index.php?rest_route=\/wp\/v2\/posts\/287800\/revisions"}],"predecessor-version":[{"id":287810,"href":"https:\/\/archive.sana.sy\/tr\/index.php?rest_route=\/wp\/v2\/posts\/287800\/revisions\/287810"}],"wp:featuredmedia":[{"embeddable":true,"href":"https:\/\/archive.sana.sy\/tr\/index.php?rest_route=\/wp\/v2\/media\/287801"}],"wp:attachment":[{"href":"https:\/\/archive.sana.sy\/tr\/index.php?rest_route=%2Fwp%2Fv2%2Fmedia&parent=287800"}],"wp:term":[{"taxonomy":"category","embeddable":true,"href":"https:\/\/archive.sana.sy\/tr\/index.php?rest_route=%2Fwp%2Fv2%2Fcategories&post=287800"},{"taxonomy":"post_tag","embeddable":true,"href":"https:\/\/archive.sana.sy\/tr\/index.php?rest_route=%2Fwp%2Fv2%2Ftags&post=287800"}],"curies":[{"name":"wp","href":"https:\/\/api.w.org\/{rel}","templated":true}]}}