{"id":287803,"date":"2023-09-09T14:08:46","date_gmt":"2023-09-09T11:08:46","guid":{"rendered":"https:\/\/sana.sy\/tr\/?p=287803"},"modified":"2023-09-13T08:13:59","modified_gmt":"2023-09-13T05:13:59","slug":"rsb-bir-hafta-suren-catismalarda-5400-ukraynali-asker-olduruldu","status":"publish","type":"post","link":"https:\/\/archive.sana.sy\/tr\/?p=287803","title":{"rendered":"RSB: Bir Hafta S\u00fcren \u00c7at\u0131\u015fmalarda 5400 Ukraynal\u0131 Asker \u00d6ld\u00fcr\u00fcld\u00fc"},"content":{"rendered":"<p style=\"text-align: justify;\"><strong>MOSKOVA 09 EYL\u00dcL (SANA)<\/strong> &#8211; Rusya Savunma Bakanl\u0131\u011f\u0131, bir hafta s\u00fcren \u00e7at\u0131\u015fmalar s\u0131ras\u0131nda yakla\u015f\u0131k 5.400 Ukraynal\u0131 askerin imha edildi\u011fini, liman altyap\u0131 tesislerinin, mar\u015f \u00fcretiminin, silah ve yak\u0131t depolar\u0131n\u0131n ve Ukraynal\u0131 sabotajc\u0131lar\u0131n \u00fcslerinin hedef al\u0131nd\u0131\u011f\u0131n\u0131 duyurdu.<\/p>\n<p style=\"text-align: justify;\"><img loading=\"lazy\" decoding=\"async\" class=\" wp-image-287805 alignright\" src=\"http:\/\/sana.sy\/tr\/wp-content\/uploads\/2023\/09\/\u06341-22.jpg\" alt=\"\" width=\"315\" height=\"177\" srcset=\"https:\/\/archive.sana.sy\/tr\/wp-content\/uploads\/2023\/09\/\u06341-22.jpg 660w, https:\/\/archive.sana.sy\/tr\/wp-content\/uploads\/2023\/09\/\u06341-22-300x169.jpg 300w\" sizes=\"auto, (max-width: 315px) 100vw, 315px\" \/>Rusya Savunma Bakanl\u0131\u011f\u0131&#8217;n\u0131n bug\u00fcn yay\u0131nlad\u0131\u011f\u0131 ve g\u00fc\u00e7lerinin operasyonlar\u0131n\u0131n sonu\u00e7lar\u0131n\u0131 ve Ukrayna ordusunun ge\u00e7en haftaki kay\u0131plar\u0131n\u0131 \u00f6zetleyen bir rapora g\u00f6re,<\/p>\n<ul>\n<li style=\"text-align: justify;\">Rus kuvvetleri, 2-9 Eyl\u00fcl tarihleri \u200b\u200baras\u0131nda Ukrayna teknik radyo ke\u015fiflerine ait b\u00f6lgelere havadan ve denizden f\u0131rlat\u0131lan y\u00fcksek hassasiyetli, uzun menzilli silahlar\u0131n yan\u0131 s\u0131ra insans\u0131z hava ara\u00e7lar\u0131yla 6 yo\u011fun sald\u0131r\u0131 ger\u00e7ekle\u015ftirdi.<\/li>\n<\/ul>\n<p style=\"text-align: justify;\">Raporda \u015fu ifadelere yer verildi: \u2018\u2019Sald\u0131r\u0131lar sonucunda Kherson ve Zaporozhye eksenlerinde faaliyet g\u00f6steren Ukrayna kuvvetlerinin stratejik radyo ke\u015fif sistemleri ve lojistik hizmetlerinin \u00e7al\u0131\u015fmalar\u0131 aksad\u0131.\u201d<\/p>\n<p style=\"text-align: justify;\"><strong>Bakanl\u0131\u011f\u0131n yay\u0131nlad\u0131\u011f\u0131 rapora g\u00f6re ayr\u0131ca,<\/strong><\/p>\n<ul style=\"text-align: justify;\">\n<li>Zaporozhye ekseninde Ukraynal\u0131 birlikler, Zaporozhye&#8217;nin Rabutino ve Verbovoye kasabalar\u0131 b\u00f6lgesindeki g\u00fc\u00e7lerimizin savunmas\u0131n\u0131 <img loading=\"lazy\" decoding=\"async\" class=\"size-full wp-image-287806 alignright\" src=\"http:\/\/sana.sy\/tr\/wp-content\/uploads\/2023\/09\/4\u06335\u064a-300x169-1.jpg\" alt=\"\" width=\"300\" height=\"169\" \/>delmeye y\u00f6nelik ba\u015far\u0131s\u0131z giri\u015fimlerine devam etti.<\/li>\n<li>845&#8217;ten fazla personelin, 27 tank\u0131n ve \u0130ngiliz yap\u0131m\u0131 Challenger tank\u0131 da dahil olmak \u00fczere di\u011fer z\u0131rhl\u0131 ara\u00e7lar\u0131n kaybedilmesine neden olan t\u00fcm d\u00fc\u015fman sald\u0131r\u0131lar\u0131 p\u00fcsk\u00fcrt\u00fcld\u00fc.<\/li>\n<li>G\u00fcney Donetsk ekseninde Ukrayna kuvvetlerinin toplam kayb\u0131 1.230 ki\u015fiyi ve 24 z\u0131rhl\u0131 sava\u015f arac\u0131n\u0131 a\u015ft\u0131.<\/li>\n<li>Donetsk ekseninde 56 sald\u0131r\u0131 p\u00fcsk\u00fcrt\u00fcld\u00fc, 2.100&#8217;den fazla asker \u00f6ld\u00fcr\u00fcld\u00fc, 23 tank ve di\u011fer z\u0131rhl\u0131 ara\u00e7 imha edildi.<\/li>\n<li>Kubyansk ekseninde Rus birlikleri taktiksel durumlar\u0131n\u0131 iyile\u015ftirmeye devam ederken, Ukrayna kuvvetlerinin 425 kadar askerini kaybetti\u011fi 22 sald\u0131r\u0131y\u0131 da p\u00fcsk\u00fcrtt\u00fc.<\/li>\n<li>Krasny Liman ekseninde bu g\u00fc\u00e7lerin 12 sald\u0131r\u0131s\u0131 p\u00fcsk\u00fcrt\u00fcld\u00fc ve kay\u0131plar\u0131 450 askeri a\u015ft\u0131. Herson ekseninde ise 355 kadar Ukraynal\u0131 asker \u00f6ld\u00fcr\u00fcld\u00fc.<\/li>\n<li>Raporda, Karadeniz Filosu gemilerinin, K\u0131r\u0131m k\u00f6pr\u00fcs\u00fcne sald\u0131rmaya \u00e7al\u0131\u015fan 3 Ukrayna teknesini imha etti\u011fi belirtildi.<\/li>\n<li>K\u0131r\u0131m&#8217;\u0131n bat\u0131s\u0131nda Rus deniz havac\u0131l\u0131\u011f\u0131, Ukrayna \u00d6zel Harekat Kuvvetleri&#8217;ne ait toplam 50 personelden olu\u015fan \u00e7\u0131karma gruplar\u0131n\u0131 ta\u015f\u0131yan 4 s\u00fcrat teknesini imha etti.<\/li>\n<li>Bir hafta i\u00e7inde Rus hava savunmas\u0131 bir MiG-29 u\u00e7a\u011f\u0131n\u0131 ve bir Mi-8 helikopterini d\u00fc\u015f\u00fcrd\u00fc.<\/li>\n<li style=\"text-align: justify;\">23&#8217;\u00fc Rusya&#8217;n\u0131n bat\u0131 b\u00f6lgelerinde olmak \u00fczere 247 Ukrayna \u0130HA&#8217;s\u0131 imha edildi<\/li>\n<li style=\"text-align: justify;\">49 HIMAR f\u00fcze f\u0131rlat\u0131c\u0131s\u0131, \u00fc\u00e7 G-DAM g\u00fcd\u00fcml\u00fc bomba ve bir HARM anti-radar f\u00fczesi ele ge\u00e7irildi.<\/li>\n<\/ul>\n<p style=\"text-align: justify;\"><a href=\"https:\/\/t.me\/SuriyeArapHaberAjansI\">Telegram Kanal\u0131m\u0131z\u00a0<\/a><\/p>\n<p style=\"text-align: justify;\"><a href=\"https:\/\/www.facebook.com\/SANAHaberAjansi\/\">Facebook Sayfam\u0131z<\/a><\/p>\n<p style=\"text-align: justify;\"><a href=\"https:\/\/twitter.com\/arap_ajans\">Twitter Hesab\u0131m\u0131z<\/a><\/p>\n","protected":false},"excerpt":{"rendered":"<p>MOSKOVA 09 EYL\u00dcL (SANA) &#8211; Rusya Savunma Bakanl\u0131\u011f\u0131, bir hafta s\u00fcren \u00e7at\u0131\u015fmalar s\u0131ras\u0131nda yakla\u015f\u0131k 5.400 Ukraynal\u0131 askerin imha edildi\u011fini, liman altyap\u0131 tesislerinin, mar\u015f \u00fcretiminin, silah ve yak\u0131t depolar\u0131n\u0131n ve Ukraynal\u0131 sabotajc\u0131lar\u0131n \u00fcslerinin hedef al\u0131nd\u0131\u011f\u0131n\u0131 duyurdu. Rusya Savunma Bakanl\u0131\u011f\u0131&#8217;n\u0131n bug\u00fcn yay\u0131nlad\u0131\u011f\u0131 ve g\u00fc\u00e7lerinin operasyonlar\u0131n\u0131n sonu\u00e7lar\u0131n\u0131 ve Ukrayna ordusunun ge\u00e7en haftaki kay\u0131plar\u0131n\u0131 \u00f6zetleyen bir rapora g\u00f6re, Rus &hellip;<\/p>\n","protected":false},"author":41,"featured_media":287804,"comment_status":"closed","ping_status":"closed","sticky":false,"template":"","format":"standard","meta":{"footnotes":""},"categories":[458,459,17988],"tags":[39662,39661,38898],"class_list":["post-287803","post","type-post","status-publish","format-standard","has-post-thumbnail","","category-dunya1","category-haberler-arap-uluslararasi-politika","category-son-haberler","tag-harm-anti-radar-fuzesi","tag-rsb-bir-hafta-suren-catismalarda-5400-ukraynali-asker-olduruldu","tag-ukraynada-son-durum"],"_links":{"self":[{"href":"https:\/\/archive.sana.sy\/tr\/index.php?rest_route=\/wp\/v2\/posts\/287803","targetHints":{"allow":["GET"]}}],"collection":[{"href":"https:\/\/archive.sana.sy\/tr\/index.php?rest_route=\/wp\/v2\/posts"}],"about":[{"href":"https:\/\/archive.sana.sy\/tr\/index.php?rest_route=\/wp\/v2\/types\/post"}],"author":[{"embeddable":true,"href":"https:\/\/archive.sana.sy\/tr\/index.php?rest_route=\/wp\/v2\/users\/41"}],"replies":[{"embeddable":true,"href":"https:\/\/archive.sana.sy\/tr\/index.php?rest_route=%2Fwp%2Fv2%2Fcomments&post=287803"}],"version-history":[{"count":1,"href":"https:\/\/archive.sana.sy\/tr\/index.php?rest_route=\/wp\/v2\/posts\/287803\/revisions"}],"predecessor-version":[{"id":287807,"href":"https:\/\/archive.sana.sy\/tr\/index.php?rest_route=\/wp\/v2\/posts\/287803\/revisions\/287807"}],"wp:featuredmedia":[{"embeddable":true,"href":"https:\/\/archive.sana.sy\/tr\/index.php?rest_route=\/wp\/v2\/media\/287804"}],"wp:attachment":[{"href":"https:\/\/archive.sana.sy\/tr\/index.php?rest_route=%2Fwp%2Fv2%2Fmedia&parent=287803"}],"wp:term":[{"taxonomy":"category","embeddable":true,"href":"https:\/\/archive.sana.sy\/tr\/index.php?rest_route=%2Fwp%2Fv2%2Fcategories&post=287803"},{"taxonomy":"post_tag","embeddable":true,"href":"https:\/\/archive.sana.sy\/tr\/index.php?rest_route=%2Fwp%2Fv2%2Ftags&post=287803"}],"curies":[{"name":"wp","href":"https:\/\/api.w.org\/{rel}","templated":true}]}}