{"id":28783,"date":"2015-04-06T15:00:15","date_gmt":"2015-04-06T12:00:15","guid":{"rendered":"http:\/\/www.sana.sy\/tr\/?p=28783"},"modified":"2015-04-10T19:05:27","modified_gmt":"2015-04-10T16:05:27","slug":"sivil-alanlara-kor-ve-korkak-saldirilar-devam-ediyor","status":"publish","type":"post","link":"https:\/\/archive.sana.sy\/tr\/?p=28783","title":{"rendered":"Sivil Alanlara K\u00f6r ve Korkak Sald\u0131r\u0131lar Devam Ediyor"},"content":{"rendered":"<p>\u0130LLER \u2013 \u2018Il\u0131ml\u0131 muhalifler\u2019 olarak adland\u0131r\u0131lan ter\u00f6r \u00e7eteleri Hama, \u015eam ve Halep\u2019te sivil yerle\u015fim alanlar\u0131n\u0131 yeniden f\u00fcze ve havan mermileriyle hedef ald\u0131.<\/p>\n<p>\u015eam Emniyet M\u00fcd\u00fcrl\u00fc\u011f\u00fcnde bir kaynak; ter\u00f6r \u00e7etelerin bug\u00fcn ba\u015fkent \u015eam\u2019\u0131n Abbasiler Semtine ek olarak k\u0131rsala d\u00fc\u015fen Heresta Banliy\u00f6s\u00fcn\u00fc 8 havan mermisiyle hedef ald\u0131klar\u0131n\u0131 aktard\u0131. Kaynak hain sald\u0131r\u0131larda bir vatanda\u015f\u0131n yaraland\u0131\u011f\u0131n\u0131, sivillere ait ev, ara\u00e7 ve i\u015f yerlerinin maddi zararlara u\u011frad\u0131klar\u0131n\u0131 ifade etti.<\/p>\n<p>\u015eam k\u0131rsal\u0131 Haresta B\u00f6lgesinde ise ter\u00f6ristlerin Vafidin Kamp\u0131 ve Biyroni Kanser Hastal\u0131klar\u0131 Hastanesine roket sald\u0131r\u0131lar\u0131 sonucunda 1 vatanda\u015f \u015fehit, 7 vatanda\u015f da yaral\u0131 d\u00fc\u015ft\u00fc. Hastanede maddi hasar\u0131n oldu\u011fu kaydedildi.\u200f<\/p>\n<p>\u00d6te yandan Halep Emniyet M\u00fcd\u00fcrl\u00fc\u011f\u00fcnde bir kaynak; ter\u00f6ristlerin Halep Kentinin sivil yerle\u015fim alanlar\u0131ndan Tlal Semtini 5 f\u00fczeyle hedef ald\u0131klar\u0131n\u0131 belirtti. Kaynak sald\u0131r\u0131lar sonucunda i\u015f yerleri ve birka\u00e7 evin maddi hasar g\u00f6rd\u00fc\u011f\u00fcn\u00fc s\u00f6yledi.<\/p>\n<p>Hama Emniyet M\u00fcd\u00fcrl\u00fc\u011f\u00fcnde bir kaynak ise, ter\u00f6ristlerin Hama iline tabi Selemiye Kasbas\u0131nda \u0130mam \u0130smail Camii ve \u0130mam H\u00fcseyin Mescidini 2 f\u00fczeyle hedef almalar\u0131yla 7 vatanda\u015f\u0131n \u015fehit d\u00fc\u015ft\u00fcklerini ifade etti.<br \/>\nKaynak; hain ve korkak sald\u0131r\u0131lar sonucunda ise bir\u00e7ok vatanda\u015f\u0131n yaraland\u0131\u011f\u0131n\u0131, kamu ve \u00f6zel m\u00fclklerde b\u00fcy\u00fck maddi hasar\u0131n olu\u015ftu\u011funa dikkat \u00e7ekti.<\/p>\n<div id='gallery-1' class='gallery galleryid-28783 gallery-columns-3 gallery-size-thumbnail'><figure class='gallery-item'>\n\t\t\t<div class='gallery-icon landscape'>\n\t\t\t\t<a href='https:\/\/archive.sana.sy\/tr\/wp-content\/uploads\/2015\/04\/DSCI0052.jpg'><img loading=\"lazy\" decoding=\"async\" width=\"150\" height=\"113\" src=\"https:\/\/archive.sana.sy\/tr\/wp-content\/uploads\/2015\/04\/DSCI0052-150x113.jpg\" class=\"attachment-thumbnail size-thumbnail\" alt=\"\" srcset=\"https:\/\/archive.sana.sy\/tr\/wp-content\/uploads\/2015\/04\/DSCI0052-150x113.jpg 150w, https:\/\/archive.sana.sy\/tr\/wp-content\/uploads\/2015\/04\/DSCI0052-300x225.jpg 300w, https:\/\/archive.sana.sy\/tr\/wp-content\/uploads\/2015\/04\/DSCI0052-1024x768.jpg 1024w\" sizes=\"auto, (max-width: 150px) 100vw, 150px\" \/><\/a>\n\t\t\t<\/div><\/figure><figure class='gallery-item'>\n\t\t\t<div class='gallery-icon landscape'>\n\t\t\t\t<a href='https:\/\/archive.sana.sy\/tr\/wp-content\/uploads\/2015\/04\/DSCI0048.jpg'><img loading=\"lazy\" decoding=\"async\" width=\"150\" height=\"108\" src=\"https:\/\/archive.sana.sy\/tr\/wp-content\/uploads\/2015\/04\/DSCI0048-150x108.jpg\" class=\"attachment-thumbnail size-thumbnail\" alt=\"\" srcset=\"https:\/\/archive.sana.sy\/tr\/wp-content\/uploads\/2015\/04\/DSCI0048-150x108.jpg 150w, https:\/\/archive.sana.sy\/tr\/wp-content\/uploads\/2015\/04\/DSCI0048-300x216.jpg 300w, https:\/\/archive.sana.sy\/tr\/wp-content\/uploads\/2015\/04\/DSCI0048-1024x737.jpg 1024w\" sizes=\"auto, (max-width: 150px) 100vw, 150px\" \/><\/a>\n\t\t\t<\/div><\/figure><figure class='gallery-item'>\n\t\t\t<div class='gallery-icon landscape'>\n\t\t\t\t<a href='https:\/\/archive.sana.sy\/tr\/wp-content\/uploads\/2015\/04\/DSCI0046.jpg'><img loading=\"lazy\" decoding=\"async\" width=\"150\" height=\"113\" src=\"https:\/\/archive.sana.sy\/tr\/wp-content\/uploads\/2015\/04\/DSCI0046-150x113.jpg\" class=\"attachment-thumbnail size-thumbnail\" alt=\"\" srcset=\"https:\/\/archive.sana.sy\/tr\/wp-content\/uploads\/2015\/04\/DSCI0046-150x113.jpg 150w, https:\/\/archive.sana.sy\/tr\/wp-content\/uploads\/2015\/04\/DSCI0046-300x225.jpg 300w, https:\/\/archive.sana.sy\/tr\/wp-content\/uploads\/2015\/04\/DSCI0046-1024x768.jpg 1024w\" sizes=\"auto, (max-width: 150px) 100vw, 150px\" \/><\/a>\n\t\t\t<\/div><\/figure><figure class='gallery-item'>\n\t\t\t<div class='gallery-icon landscape'>\n\t\t\t\t<a href='https:\/\/archive.sana.sy\/tr\/wp-content\/uploads\/2015\/04\/DSCI0044.jpg'><img loading=\"lazy\" decoding=\"async\" width=\"150\" height=\"103\" src=\"https:\/\/archive.sana.sy\/tr\/wp-content\/uploads\/2015\/04\/DSCI0044-150x103.jpg\" class=\"attachment-thumbnail size-thumbnail\" alt=\"\" srcset=\"https:\/\/archive.sana.sy\/tr\/wp-content\/uploads\/2015\/04\/DSCI0044-150x103.jpg 150w, https:\/\/archive.sana.sy\/tr\/wp-content\/uploads\/2015\/04\/DSCI0044-300x205.jpg 300w, https:\/\/archive.sana.sy\/tr\/wp-content\/uploads\/2015\/04\/DSCI0044-1024x700.jpg 1024w\" sizes=\"auto, (max-width: 150px) 100vw, 150px\" \/><\/a>\n\t\t\t<\/div><\/figure><figure class='gallery-item'>\n\t\t\t<div class='gallery-icon landscape'>\n\t\t\t\t<a href='https:\/\/archive.sana.sy\/tr\/wp-content\/uploads\/2015\/04\/DSCI0039.jpg'><img loading=\"lazy\" decoding=\"async\" width=\"150\" height=\"120\" src=\"https:\/\/archive.sana.sy\/tr\/wp-content\/uploads\/2015\/04\/DSCI0039-150x120.jpg\" class=\"attachment-thumbnail size-thumbnail\" alt=\"\" srcset=\"https:\/\/archive.sana.sy\/tr\/wp-content\/uploads\/2015\/04\/DSCI0039-150x120.jpg 150w, https:\/\/archive.sana.sy\/tr\/wp-content\/uploads\/2015\/04\/DSCI0039-300x241.jpg 300w, https:\/\/archive.sana.sy\/tr\/wp-content\/uploads\/2015\/04\/DSCI0039-1024x822.jpg 1024w\" sizes=\"auto, (max-width: 150px) 100vw, 150px\" \/><\/a>\n\t\t\t<\/div><\/figure><figure class='gallery-item'>\n\t\t\t<div class='gallery-icon landscape'>\n\t\t\t\t<a href='https:\/\/archive.sana.sy\/tr\/wp-content\/uploads\/2015\/04\/DSCI0032.jpg'><img loading=\"lazy\" decoding=\"async\" width=\"150\" height=\"113\" src=\"https:\/\/archive.sana.sy\/tr\/wp-content\/uploads\/2015\/04\/DSCI0032-150x113.jpg\" class=\"attachment-thumbnail size-thumbnail\" alt=\"\" srcset=\"https:\/\/archive.sana.sy\/tr\/wp-content\/uploads\/2015\/04\/DSCI0032-150x113.jpg 150w, https:\/\/archive.sana.sy\/tr\/wp-content\/uploads\/2015\/04\/DSCI0032-300x225.jpg 300w, https:\/\/archive.sana.sy\/tr\/wp-content\/uploads\/2015\/04\/DSCI0032-1024x768.jpg 1024w\" sizes=\"auto, (max-width: 150px) 100vw, 150px\" \/><\/a>\n\t\t\t<\/div><\/figure><figure class='gallery-item'>\n\t\t\t<div class='gallery-icon landscape'>\n\t\t\t\t<a href='https:\/\/archive.sana.sy\/tr\/wp-content\/uploads\/2015\/04\/DSCI0028.jpg'><img loading=\"lazy\" decoding=\"async\" width=\"150\" height=\"113\" src=\"https:\/\/archive.sana.sy\/tr\/wp-content\/uploads\/2015\/04\/DSCI0028-150x113.jpg\" class=\"attachment-thumbnail size-thumbnail\" alt=\"\" srcset=\"https:\/\/archive.sana.sy\/tr\/wp-content\/uploads\/2015\/04\/DSCI0028-150x113.jpg 150w, https:\/\/archive.sana.sy\/tr\/wp-content\/uploads\/2015\/04\/DSCI0028-300x225.jpg 300w, https:\/\/archive.sana.sy\/tr\/wp-content\/uploads\/2015\/04\/DSCI0028-1024x768.jpg 1024w\" sizes=\"auto, (max-width: 150px) 100vw, 150px\" \/><\/a>\n\t\t\t<\/div><\/figure><figure class='gallery-item'>\n\t\t\t<div class='gallery-icon landscape'>\n\t\t\t\t<a href='https:\/\/archive.sana.sy\/tr\/wp-content\/uploads\/2015\/04\/DSCI00211.jpg'><img loading=\"lazy\" decoding=\"async\" width=\"150\" height=\"80\" src=\"https:\/\/archive.sana.sy\/tr\/wp-content\/uploads\/2015\/04\/DSCI00211-150x80.jpg\" class=\"attachment-thumbnail size-thumbnail\" alt=\"\" srcset=\"https:\/\/archive.sana.sy\/tr\/wp-content\/uploads\/2015\/04\/DSCI00211-150x80.jpg 150w, https:\/\/archive.sana.sy\/tr\/wp-content\/uploads\/2015\/04\/DSCI00211-300x160.jpg 300w, https:\/\/archive.sana.sy\/tr\/wp-content\/uploads\/2015\/04\/DSCI00211.jpg 620w\" sizes=\"auto, (max-width: 150px) 100vw, 150px\" \/><\/a>\n\t\t\t<\/div><\/figure><figure class='gallery-item'>\n\t\t\t<div class='gallery-icon landscape'>\n\t\t\t\t<a href='https:\/\/archive.sana.sy\/tr\/wp-content\/uploads\/2015\/04\/DSCI0009.jpg'><img loading=\"lazy\" decoding=\"async\" width=\"150\" height=\"113\" src=\"https:\/\/archive.sana.sy\/tr\/wp-content\/uploads\/2015\/04\/DSCI0009-150x113.jpg\" class=\"attachment-thumbnail size-thumbnail\" alt=\"\" srcset=\"https:\/\/archive.sana.sy\/tr\/wp-content\/uploads\/2015\/04\/DSCI0009-150x113.jpg 150w, https:\/\/archive.sana.sy\/tr\/wp-content\/uploads\/2015\/04\/DSCI0009-300x226.jpg 300w, https:\/\/archive.sana.sy\/tr\/wp-content\/uploads\/2015\/04\/DSCI0009-1024x771.jpg 1024w\" sizes=\"auto, (max-width: 150px) 100vw, 150px\" \/><\/a>\n\t\t\t<\/div><\/figure>\n\t\t<\/div>\n\n<p><span style=\"color: #0000ff\">Erdo\u011fan \u00c7eteleri Halep K\u0131rsal\u0131nda Onlarca Sivili Ka\u00e7\u0131rd\u0131<\/span><\/p>\n<p>Erdo\u011fan rejiminin Halep ve k\u0131rsal\u0131nda destekledi\u011fi ter\u00f6r \u00e7eteleri bug\u00fcn Halep k\u0131rsal\u0131 Afrin B\u00f6lgesinden Halep Kenti istikametinde yol alan masum sivil vatanda\u015flar\u0131n yolunu keserek aralar\u0131nda \u00e7ocuklar\u0131n bulundu\u011fu onlarca vatanda\u015f\u0131 ka\u00e7\u0131rd\u0131.<\/p>\n<p>Afrin Kasabas\u0131nda yerel kaynaklar SANA muhabirini yapt\u0131klar\u0131 a\u00e7\u0131klamada; ter\u00f6r \u00e7etelerinin Halep k\u0131rsal\u0131nda \u0130dlib il s\u0131n\u0131rlar\u0131na yak\u0131n b\u00f6lgede Daret Ezza ile Dane beldeleri aras\u0131nda yakla\u015f\u0131k 300 sivil vatanda\u015f\u0131 ta\u015f\u0131yan 6 otob\u00fcs\u00fcn yolunu kestiklerini aktard\u0131.<\/p>\n<p>Kaynaklar T\u00fcrkiye rejiminden destek alan ter\u00f6ristlerin aralar\u0131nda \u00e7ocuklar\u0131n bulundu\u011fu onlarca sivil vatanda\u015f\u0131 me\u00e7hul bir yere ka\u00e7\u0131rd\u0131klar\u0131n\u0131 belirtti.<\/p>\n<p>M.M. &#8211; A.A. &#8211; R.H.<\/p>\n","protected":false},"excerpt":{"rendered":"<p>\u0130LLER \u2013 \u2018Il\u0131ml\u0131 muhalifler\u2019 olarak adland\u0131r\u0131lan ter\u00f6r \u00e7eteleri Hama, \u015eam ve Halep\u2019te sivil yerle\u015fim alanlar\u0131n\u0131 yeniden f\u00fcze ve havan mermileriyle hedef ald\u0131. \u015eam Emniyet M\u00fcd\u00fcrl\u00fc\u011f\u00fcnde bir kaynak; ter\u00f6r \u00e7etelerin bug\u00fcn ba\u015fkent \u015eam\u2019\u0131n Abbasiler Semtine ek olarak k\u0131rsala d\u00fc\u015fen Heresta Banliy\u00f6s\u00fcn\u00fc 8 havan mermisiyle hedef ald\u0131klar\u0131n\u0131 aktard\u0131. Kaynak hain sald\u0131r\u0131larda bir vatanda\u015f\u0131n yaraland\u0131\u011f\u0131n\u0131, sivillere ait ev, &hellip;<\/p>\n","protected":false},"author":1,"featured_media":28871,"comment_status":"closed","ping_status":"closed","sticky":false,"template":"","format":"standard","meta":{"footnotes":""},"categories":[479,575,478],"tags":[13311,13310],"class_list":["post-28783","post","type-post","status-publish","format-standard","has-post-thumbnail","","category-haberler-yerel","category-olaylar-ve-gercekler","category-yerel","tag-iller-ilimli-muhalifler-olarak-adlandirilan-teror-ceteleri-sam-ve-halepte-sivil-yerlesim-alanlarini-yeniden-fuze-ve-havan-mermileriyle-hedef-aldi","tag-sivil-alanlara-kor-ve-korkak-saldirilar-devam-ediyor"],"_links":{"self":[{"href":"https:\/\/archive.sana.sy\/tr\/index.php?rest_route=\/wp\/v2\/posts\/28783","targetHints":{"allow":["GET"]}}],"collection":[{"href":"https:\/\/archive.sana.sy\/tr\/index.php?rest_route=\/wp\/v2\/posts"}],"about":[{"href":"https:\/\/archive.sana.sy\/tr\/index.php?rest_route=\/wp\/v2\/types\/post"}],"author":[{"embeddable":true,"href":"https:\/\/archive.sana.sy\/tr\/index.php?rest_route=\/wp\/v2\/users\/1"}],"replies":[{"embeddable":true,"href":"https:\/\/archive.sana.sy\/tr\/index.php?rest_route=%2Fwp%2Fv2%2Fcomments&post=28783"}],"version-history":[{"count":0,"href":"https:\/\/archive.sana.sy\/tr\/index.php?rest_route=\/wp\/v2\/posts\/28783\/revisions"}],"wp:featuredmedia":[{"embeddable":true,"href":"https:\/\/archive.sana.sy\/tr\/index.php?rest_route=\/wp\/v2\/media\/28871"}],"wp:attachment":[{"href":"https:\/\/archive.sana.sy\/tr\/index.php?rest_route=%2Fwp%2Fv2%2Fmedia&parent=28783"}],"wp:term":[{"taxonomy":"category","embeddable":true,"href":"https:\/\/archive.sana.sy\/tr\/index.php?rest_route=%2Fwp%2Fv2%2Fcategories&post=28783"},{"taxonomy":"post_tag","embeddable":true,"href":"https:\/\/archive.sana.sy\/tr\/index.php?rest_route=%2Fwp%2Fv2%2Ftags&post=28783"}],"curies":[{"name":"wp","href":"https:\/\/api.w.org\/{rel}","templated":true}]}}