{"id":287881,"date":"2023-09-11T09:26:02","date_gmt":"2023-09-11T06:26:02","guid":{"rendered":"https:\/\/sana.sy\/tr\/?p=287881"},"modified":"2023-09-13T08:15:44","modified_gmt":"2023-09-13T05:15:44","slug":"israil-isgal-gucleri-bati-seriada-13-filistinliyi-tutukladi","status":"publish","type":"post","link":"https:\/\/archive.sana.sy\/tr\/?p=287881","title":{"rendered":"\u0130srail \u0130\u015fgal G\u00fc\u00e7leri Bat\u0131 \u015eeria&#8217;da 13 Filistinliyi Tutuklad\u0131"},"content":{"rendered":"<p><strong>\u0130\u015eGAL EDILEN KUD\u00dcS 11 Eyl\u00fcl (SANA)<\/strong> \u2013 \u0130srail i\u015fgal g\u00fc\u00e7leri, Bat\u0131 \u015eeria&#8217;n\u0131n \u00e7e\u015fitli b\u00f6lgelerinde 13 Filistinliyi tutuklad\u0131.<\/p>\n<p>WAFA Haber Ajans\u0131, i\u015fgal g\u00fc\u00e7lerinin, El Halil, Cenin ve Ramallah \u015fehirlerine bask\u0131n d\u00fczenledi\u011fini ve13 Filistinliyi tutuklad\u0131\u011f\u0131n\u0131 bildirdi.<\/p>\n<p><a href=\"https:\/\/t.me\/SuriyeArapHaberAjansI\">Telegram Kanal\u0131m\u0131z\u00a0<\/a><\/p>\n<p><a href=\"https:\/\/www.facebook.com\/SANAHaberAjansi\/\">Facebook Sayfam\u0131z<\/a><\/p>\n<p><a href=\"https:\/\/twitter.com\/arap_ajans\">Twitter Hesab\u0131m\u0131z<\/a><\/p>\n","protected":false},"excerpt":{"rendered":"<p>\u0130\u015eGAL EDILEN KUD\u00dcS 11 Eyl\u00fcl (SANA) \u2013 \u0130srail i\u015fgal g\u00fc\u00e7leri, Bat\u0131 \u015eeria&#8217;n\u0131n \u00e7e\u015fitli b\u00f6lgelerinde 13 Filistinliyi tutuklad\u0131. WAFA Haber Ajans\u0131, i\u015fgal g\u00fc\u00e7lerinin, El Halil, Cenin ve Ramallah \u015fehirlerine bask\u0131n d\u00fczenledi\u011fini ve13 Filistinliyi tutuklad\u0131\u011f\u0131n\u0131 bildirdi. Telegram Kanal\u0131m\u0131z\u00a0 Facebook Sayfam\u0131z Twitter Hesab\u0131m\u0131z<\/p>\n","protected":false},"author":39,"featured_media":287882,"comment_status":"closed","ping_status":"closed","sticky":false,"template":"","format":"standard","meta":{"footnotes":""},"categories":[458,459,17988],"tags":[],"class_list":["post-287881","post","type-post","status-publish","format-standard","has-post-thumbnail","","category-dunya1","category-haberler-arap-uluslararasi-politika","category-son-haberler"],"_links":{"self":[{"href":"https:\/\/archive.sana.sy\/tr\/index.php?rest_route=\/wp\/v2\/posts\/287881","targetHints":{"allow":["GET"]}}],"collection":[{"href":"https:\/\/archive.sana.sy\/tr\/index.php?rest_route=\/wp\/v2\/posts"}],"about":[{"href":"https:\/\/archive.sana.sy\/tr\/index.php?rest_route=\/wp\/v2\/types\/post"}],"author":[{"embeddable":true,"href":"https:\/\/archive.sana.sy\/tr\/index.php?rest_route=\/wp\/v2\/users\/39"}],"replies":[{"embeddable":true,"href":"https:\/\/archive.sana.sy\/tr\/index.php?rest_route=%2Fwp%2Fv2%2Fcomments&post=287881"}],"version-history":[{"count":1,"href":"https:\/\/archive.sana.sy\/tr\/index.php?rest_route=\/wp\/v2\/posts\/287881\/revisions"}],"predecessor-version":[{"id":287883,"href":"https:\/\/archive.sana.sy\/tr\/index.php?rest_route=\/wp\/v2\/posts\/287881\/revisions\/287883"}],"wp:featuredmedia":[{"embeddable":true,"href":"https:\/\/archive.sana.sy\/tr\/index.php?rest_route=\/wp\/v2\/media\/287882"}],"wp:attachment":[{"href":"https:\/\/archive.sana.sy\/tr\/index.php?rest_route=%2Fwp%2Fv2%2Fmedia&parent=287881"}],"wp:term":[{"taxonomy":"category","embeddable":true,"href":"https:\/\/archive.sana.sy\/tr\/index.php?rest_route=%2Fwp%2Fv2%2Fcategories&post=287881"},{"taxonomy":"post_tag","embeddable":true,"href":"https:\/\/archive.sana.sy\/tr\/index.php?rest_route=%2Fwp%2Fv2%2Ftags&post=287881"}],"curies":[{"name":"wp","href":"https:\/\/api.w.org\/{rel}","templated":true}]}}