{"id":287884,"date":"2023-09-11T10:43:43","date_gmt":"2023-09-11T07:43:43","guid":{"rendered":"https:\/\/sana.sy\/tr\/?p=287884"},"modified":"2023-09-13T08:14:18","modified_gmt":"2023-09-13T05:14:18","slug":"kuzey-irakta-orta-siddette-deprem-meydana-geldi","status":"publish","type":"post","link":"https:\/\/archive.sana.sy\/tr\/?p=287884","title":{"rendered":"Kuzey Irak&#8217;ta Orta \u015eiddette Deprem Meydana Geldi"},"content":{"rendered":"<p style=\"text-align: justify;\"><strong>BA\u011eDAT 11 Eyl\u00fcl (SANA) \u2013<\/strong>\u00a0Irak\u2019\u0131n kuzeyindeki Kerk\u00fck Valili\u011fi\u2019nde bug\u00fcn Richter \u00f6l\u00e7e\u011fine g\u00f6re 4 derece b\u00fcy\u00fckl\u00fc\u011f\u00fcnde deprem meydana geldi ve depremden dolay\u0131 herhangi bir hasar veya yaralanma olmad\u0131.<\/p>\n<p style=\"text-align: justify;\">\u201cAL SUMAR\u0130A NEWS\u201d internet sitesine g\u00f6re, yerel kaynaklar \u015funlar\u0131 s\u00f6yledi: \u201cDeprem b\u00fcy\u00fckl\u00fc\u011f\u00fc 4 dereceydi ve Kerk\u00fck\u2019\u00fcn bir\u00e7ok b\u00f6lgesinde insanlar taraf\u0131ndan hissedildi\u201d.<\/p>\n<p style=\"text-align: justify;\"><a href=\"https:\/\/t.me\/SuriyeArapHaberAjansI\">Telegram Kanal\u0131m\u0131z\u00a0<\/a><\/p>\n<p style=\"text-align: justify;\"><a href=\"https:\/\/www.facebook.com\/SANAHaberAjansi\/\">Facebook Sayfam\u0131z<\/a><\/p>\n<p style=\"text-align: justify;\"><a href=\"https:\/\/twitter.com\/arap_ajans\">Twitter Hesab\u0131m\u0131z<\/a><\/p>\n","protected":false},"excerpt":{"rendered":"<p>BA\u011eDAT 11 Eyl\u00fcl (SANA) \u2013\u00a0Irak\u2019\u0131n kuzeyindeki Kerk\u00fck Valili\u011fi\u2019nde bug\u00fcn Richter \u00f6l\u00e7e\u011fine g\u00f6re 4 derece b\u00fcy\u00fckl\u00fc\u011f\u00fcnde deprem meydana geldi ve depremden dolay\u0131 herhangi bir hasar veya yaralanma olmad\u0131. \u201cAL SUMAR\u0130A NEWS\u201d internet sitesine g\u00f6re, yerel kaynaklar \u015funlar\u0131 s\u00f6yledi: \u201cDeprem b\u00fcy\u00fckl\u00fc\u011f\u00fc 4 dereceydi ve Kerk\u00fck\u2019\u00fcn bir\u00e7ok b\u00f6lgesinde insanlar taraf\u0131ndan hissedildi\u201d. Telegram Kanal\u0131m\u0131z\u00a0 Facebook Sayfam\u0131z Twitter Hesab\u0131m\u0131z<\/p>\n","protected":false},"author":39,"featured_media":287885,"comment_status":"closed","ping_status":"closed","sticky":false,"template":"","format":"standard","meta":{"footnotes":""},"categories":[458,459,17988],"tags":[39679,39680],"class_list":["post-287884","post","type-post","status-publish","format-standard","has-post-thumbnail","","category-dunya1","category-haberler-arap-uluslararasi-politika","category-son-haberler","tag-al-sumaria-news","tag-irakin-kuzeyindeki-kerkuk-valiligi"],"_links":{"self":[{"href":"https:\/\/archive.sana.sy\/tr\/index.php?rest_route=\/wp\/v2\/posts\/287884","targetHints":{"allow":["GET"]}}],"collection":[{"href":"https:\/\/archive.sana.sy\/tr\/index.php?rest_route=\/wp\/v2\/posts"}],"about":[{"href":"https:\/\/archive.sana.sy\/tr\/index.php?rest_route=\/wp\/v2\/types\/post"}],"author":[{"embeddable":true,"href":"https:\/\/archive.sana.sy\/tr\/index.php?rest_route=\/wp\/v2\/users\/39"}],"replies":[{"embeddable":true,"href":"https:\/\/archive.sana.sy\/tr\/index.php?rest_route=%2Fwp%2Fv2%2Fcomments&post=287884"}],"version-history":[{"count":6,"href":"https:\/\/archive.sana.sy\/tr\/index.php?rest_route=\/wp\/v2\/posts\/287884\/revisions"}],"predecessor-version":[{"id":287906,"href":"https:\/\/archive.sana.sy\/tr\/index.php?rest_route=\/wp\/v2\/posts\/287884\/revisions\/287906"}],"wp:featuredmedia":[{"embeddable":true,"href":"https:\/\/archive.sana.sy\/tr\/index.php?rest_route=\/wp\/v2\/media\/287885"}],"wp:attachment":[{"href":"https:\/\/archive.sana.sy\/tr\/index.php?rest_route=%2Fwp%2Fv2%2Fmedia&parent=287884"}],"wp:term":[{"taxonomy":"category","embeddable":true,"href":"https:\/\/archive.sana.sy\/tr\/index.php?rest_route=%2Fwp%2Fv2%2Fcategories&post=287884"},{"taxonomy":"post_tag","embeddable":true,"href":"https:\/\/archive.sana.sy\/tr\/index.php?rest_route=%2Fwp%2Fv2%2Ftags&post=287884"}],"curies":[{"name":"wp","href":"https:\/\/api.w.org\/{rel}","templated":true}]}}