{"id":287890,"date":"2023-09-11T10:00:15","date_gmt":"2023-09-11T07:00:15","guid":{"rendered":"https:\/\/sana.sy\/tr\/?p=287890"},"modified":"2023-09-13T08:15:47","modified_gmt":"2023-09-13T05:15:47","slug":"dorduncu-ekonomik-forumun-esad-kutuphanesinde-faaliyetleri-baslatildi","status":"publish","type":"post","link":"https:\/\/archive.sana.sy\/tr\/?p=287890","title":{"rendered":"D\u00f6rd\u00fcnc\u00fc Ekonomik Forumun Esad K\u00fct\u00fcphanesi&#8217;nde Faaliyetleri Ba\u015flat\u0131ld\u0131"},"content":{"rendered":"<p style=\"text-align: justify;\"><strong>\u015eAM 11 Eyl\u00fcl (SANA) \u2013 <\/strong>D\u00f6rd\u00fcnc\u00fc Ekonomik Forum (Finans ve \u0130\u015fletme) bug\u00fcn \u015eam&#8217;daki Ulusal Esad K\u00fct\u00fcphanesi&#8217;nde ba\u015flad\u0131.<\/p>\n<p style=\"text-align: justify;\"><a href=\"https:\/\/t.me\/SuriyeArapHaberAjansI\">Telegram Kanal\u0131m\u0131z\u00a0<\/a><\/p>\n<p style=\"text-align: justify;\"><a href=\"https:\/\/www.facebook.com\/SANAHaberAjansi\/\">Facebook Sayfam\u0131z<\/a><\/p>\n<p style=\"text-align: justify;\"><a href=\"https:\/\/twitter.com\/arap_ajans\">Twitter Hesab\u0131m\u0131z<\/a><\/p>\n<div id='gallery-1' class='gallery galleryid-287890 gallery-columns-1 gallery-size-full'><figure class='gallery-item'>\n\t\t\t<div class='gallery-icon landscape'>\n\t\t\t\t<a href='https:\/\/archive.sana.sy\/tr\/wp-content\/uploads\/2023\/09\/photo_2023-09-11_10-32-42-Copy.jpg'><img loading=\"lazy\" decoding=\"async\" width=\"660\" height=\"363\" src=\"https:\/\/archive.sana.sy\/tr\/wp-content\/uploads\/2023\/09\/photo_2023-09-11_10-32-42-Copy.jpg\" class=\"attachment-full size-full\" alt=\"\" srcset=\"https:\/\/archive.sana.sy\/tr\/wp-content\/uploads\/2023\/09\/photo_2023-09-11_10-32-42-Copy.jpg 660w, https:\/\/archive.sana.sy\/tr\/wp-content\/uploads\/2023\/09\/photo_2023-09-11_10-32-42-Copy-300x165.jpg 300w\" sizes=\"auto, (max-width: 660px) 100vw, 660px\" \/><\/a>\n\t\t\t<\/div><\/figure>\n\t\t<\/div>\n\n","protected":false},"excerpt":{"rendered":"<p>\u015eAM 11 Eyl\u00fcl (SANA) \u2013 D\u00f6rd\u00fcnc\u00fc Ekonomik Forum (Finans ve \u0130\u015fletme) bug\u00fcn \u015eam&#8217;daki Ulusal Esad K\u00fct\u00fcphanesi&#8217;nde ba\u015flad\u0131. Telegram Kanal\u0131m\u0131z\u00a0 Facebook Sayfam\u0131z Twitter Hesab\u0131m\u0131z<\/p>\n","protected":false},"author":39,"featured_media":287891,"comment_status":"closed","ping_status":"closed","sticky":false,"template":"","format":"standard","meta":{"footnotes":""},"categories":[479,17988,478],"tags":[],"class_list":["post-287890","post","type-post","status-publish","format-standard","has-post-thumbnail","","category-haberler-yerel","category-son-haberler","category-yerel"],"_links":{"self":[{"href":"https:\/\/archive.sana.sy\/tr\/index.php?rest_route=\/wp\/v2\/posts\/287890","targetHints":{"allow":["GET"]}}],"collection":[{"href":"https:\/\/archive.sana.sy\/tr\/index.php?rest_route=\/wp\/v2\/posts"}],"about":[{"href":"https:\/\/archive.sana.sy\/tr\/index.php?rest_route=\/wp\/v2\/types\/post"}],"author":[{"embeddable":true,"href":"https:\/\/archive.sana.sy\/tr\/index.php?rest_route=\/wp\/v2\/users\/39"}],"replies":[{"embeddable":true,"href":"https:\/\/archive.sana.sy\/tr\/index.php?rest_route=%2Fwp%2Fv2%2Fcomments&post=287890"}],"version-history":[{"count":2,"href":"https:\/\/archive.sana.sy\/tr\/index.php?rest_route=\/wp\/v2\/posts\/287890\/revisions"}],"predecessor-version":[{"id":287907,"href":"https:\/\/archive.sana.sy\/tr\/index.php?rest_route=\/wp\/v2\/posts\/287890\/revisions\/287907"}],"wp:featuredmedia":[{"embeddable":true,"href":"https:\/\/archive.sana.sy\/tr\/index.php?rest_route=\/wp\/v2\/media\/287891"}],"wp:attachment":[{"href":"https:\/\/archive.sana.sy\/tr\/index.php?rest_route=%2Fwp%2Fv2%2Fmedia&parent=287890"}],"wp:term":[{"taxonomy":"category","embeddable":true,"href":"https:\/\/archive.sana.sy\/tr\/index.php?rest_route=%2Fwp%2Fv2%2Fcategories&post=287890"},{"taxonomy":"post_tag","embeddable":true,"href":"https:\/\/archive.sana.sy\/tr\/index.php?rest_route=%2Fwp%2Fv2%2Ftags&post=287890"}],"curies":[{"name":"wp","href":"https:\/\/api.w.org\/{rel}","templated":true}]}}