{"id":287919,"date":"2023-09-11T12:23:08","date_gmt":"2023-09-11T09:23:08","guid":{"rendered":"https:\/\/sana.sy\/tr\/?p=287919"},"modified":"2023-09-13T08:14:21","modified_gmt":"2023-09-13T05:14:21","slug":"endonezyanin-dogusunda-61-buyuklugunde-deprem-meydana-geldi","status":"publish","type":"post","link":"https:\/\/archive.sana.sy\/tr\/?p=287919","title":{"rendered":"Endonezya&#8217;n\u0131n Do\u011fusunda 6,1 B\u00fcy\u00fckl\u00fc\u011f\u00fcnde Deprem Meydana Geldi"},"content":{"rendered":"<p style=\"text-align: justify;\"><strong>CAKARTA 11 EYL\u00dcL (SANA)<\/strong> &#8211; Endonezya&#8217;n\u0131n do\u011fusundaki Halmahera Adas\u0131&#8217;nda bug\u00fcn Richter \u00f6l\u00e7e\u011fine g\u00f6re 6,1 b\u00fcy\u00fckl\u00fc\u011f\u00fcnde deprem meydana geldi.<\/p>\n<p style=\"text-align: justify;\">\u00c7in haber ajans\u0131 Xinhua, Alman Yer Bilimleri Ara\u015ft\u0131rma Merkezi&#8217;nin, \u2018\u2019Depremin merkez \u00fcss\u00fc D\u00fcnya y\u00fczeyinden 160,1 kilometre derinlikteydi\u2019\u2019 ifadelerini aktard\u0131.<\/p>\n<p style=\"text-align: justify;\">Merkez ayr\u0131ca, \u00a0Yaralanma veya hasara ili\u015fkin herhangi bir bilgi al\u0131nmad\u0131\u011f\u0131na i\u015faret etti.<\/p>\n<p style=\"text-align: justify;\"><a href=\"https:\/\/t.me\/SuriyeArapHaberAjansI\">Telegram Kanal\u0131m\u0131z\u00a0<\/a><\/p>\n<p style=\"text-align: justify;\"><a href=\"https:\/\/www.facebook.com\/SANAHaberAjansi\/\">Facebook Sayfam\u0131z<\/a><\/p>\n<p style=\"text-align: justify;\"><a href=\"https:\/\/twitter.com\/arap_ajans\">Twitter Hesab\u0131m\u0131z<\/a><\/p>\n","protected":false},"excerpt":{"rendered":"<p>CAKARTA 11 EYL\u00dcL (SANA) &#8211; Endonezya&#8217;n\u0131n do\u011fusundaki Halmahera Adas\u0131&#8217;nda bug\u00fcn Richter \u00f6l\u00e7e\u011fine g\u00f6re 6,1 b\u00fcy\u00fckl\u00fc\u011f\u00fcnde deprem meydana geldi. \u00c7in haber ajans\u0131 Xinhua, Alman Yer Bilimleri Ara\u015ft\u0131rma Merkezi&#8217;nin, \u2018\u2019Depremin merkez \u00fcss\u00fc D\u00fcnya y\u00fczeyinden 160,1 kilometre derinlikteydi\u2019\u2019 ifadelerini aktard\u0131. Merkez ayr\u0131ca, \u00a0Yaralanma veya hasara ili\u015fkin herhangi bir bilgi al\u0131nmad\u0131\u011f\u0131na i\u015faret etti. Telegram Kanal\u0131m\u0131z\u00a0 Facebook Sayfam\u0131z Twitter Hesab\u0131m\u0131z<\/p>\n","protected":false},"author":41,"featured_media":287920,"comment_status":"closed","ping_status":"closed","sticky":false,"template":"","format":"standard","meta":{"footnotes":""},"categories":[458,459,17988],"tags":[39692,38222,39694,39693,39691],"class_list":["post-287919","post","type-post","status-publish","format-standard","has-post-thumbnail","","category-dunya1","category-haberler-arap-uluslararasi-politika","category-son-haberler","tag-1-buyuklugunde-deprem-meydana-geldi","tag-depremler","tag-dunyada-deprem","tag-endonezyada-deprem","tag-endonezyanin-dogusunda-6"],"_links":{"self":[{"href":"https:\/\/archive.sana.sy\/tr\/index.php?rest_route=\/wp\/v2\/posts\/287919","targetHints":{"allow":["GET"]}}],"collection":[{"href":"https:\/\/archive.sana.sy\/tr\/index.php?rest_route=\/wp\/v2\/posts"}],"about":[{"href":"https:\/\/archive.sana.sy\/tr\/index.php?rest_route=\/wp\/v2\/types\/post"}],"author":[{"embeddable":true,"href":"https:\/\/archive.sana.sy\/tr\/index.php?rest_route=\/wp\/v2\/users\/41"}],"replies":[{"embeddable":true,"href":"https:\/\/archive.sana.sy\/tr\/index.php?rest_route=%2Fwp%2Fv2%2Fcomments&post=287919"}],"version-history":[{"count":1,"href":"https:\/\/archive.sana.sy\/tr\/index.php?rest_route=\/wp\/v2\/posts\/287919\/revisions"}],"predecessor-version":[{"id":287921,"href":"https:\/\/archive.sana.sy\/tr\/index.php?rest_route=\/wp\/v2\/posts\/287919\/revisions\/287921"}],"wp:featuredmedia":[{"embeddable":true,"href":"https:\/\/archive.sana.sy\/tr\/index.php?rest_route=\/wp\/v2\/media\/287920"}],"wp:attachment":[{"href":"https:\/\/archive.sana.sy\/tr\/index.php?rest_route=%2Fwp%2Fv2%2Fmedia&parent=287919"}],"wp:term":[{"taxonomy":"category","embeddable":true,"href":"https:\/\/archive.sana.sy\/tr\/index.php?rest_route=%2Fwp%2Fv2%2Fcategories&post=287919"},{"taxonomy":"post_tag","embeddable":true,"href":"https:\/\/archive.sana.sy\/tr\/index.php?rest_route=%2Fwp%2Fv2%2Ftags&post=287919"}],"curies":[{"name":"wp","href":"https:\/\/api.w.org\/{rel}","templated":true}]}}