{"id":288005,"date":"2023-09-13T13:40:05","date_gmt":"2023-09-13T10:40:05","guid":{"rendered":"https:\/\/sana.sy\/tr\/?p=288005"},"modified":"2023-09-15T08:52:36","modified_gmt":"2023-09-15T05:52:36","slug":"libya-danyal-kasirgasinin-kurbanlarinin-sayisi-5-binin-uzerine-cikti","status":"publish","type":"post","link":"https:\/\/archive.sana.sy\/tr\/?p=288005","title":{"rendered":"Libya.. \u201dDanyal\u201d Kas\u0131rgas\u0131n\u0131n Kurbanlar\u0131n\u0131n Say\u0131s\u0131 5 Binin \u00dczerine \u00c7\u0131kt\u0131"},"content":{"rendered":"<p style=\"text-align: justify;\"><strong>TRABLUS 12 EYL\u00dcL (SANA) \u2013 \u00a0<\/strong>Libya \u0130\u00e7i\u015fleri Bakanl\u0131\u011f\u0131, ge\u00e7ti\u011fimiz Pazar g\u00fcn\u00fc \u00fclkeyi vuran &#8220;Danyel&#8221; f\u0131rt\u0131nas\u0131 nedeniyle Libya&#8217;n\u0131n Derna kentinde ya\u015fanan sel ve su bask\u0131nlar\u0131ndan \u00f6lenlerin say\u0131s\u0131n\u0131n \u015fu ana kadar 5 bin 300&#8217;e y\u00fckseldi\u011fini ilan etti.<\/p>\n<p style=\"text-align: justify;\">Bakanl\u0131\u011f\u0131n medya yetkilisi Muhammad Abu Lamoucha, Libya Haber Ajans\u0131&#8217;na yapt\u0131\u011f\u0131 a\u00e7\u0131klamada, &#8220;Felaket sonucu binlerce ki\u015fi kay\u0131p&#8221; diyerek, Kay\u0131p ki\u015filer i\u00e7in arama operasyonlar\u0131n\u0131n devam etti\u011fini ve mahsur kalan ve etkilenen ki\u015filerin yerel kurtarma ekipleri taraf\u0131ndan kurtar\u0131ld\u0131\u011f\u0131n\u0131 vurgulad\u0131.<\/p>\n<p style=\"text-align: justify;\"><a href=\"https:\/\/t.me\/SuriyeArapHaberAjansI\">Telegram Kanal\u0131m\u0131z\u00a0<\/a><\/p>\n<p style=\"text-align: justify;\"><a href=\"https:\/\/www.facebook.com\/SANAHaberAjansi\/\">Facebook Sayfam\u0131z<\/a><\/p>\n<p style=\"text-align: justify;\"><a href=\"https:\/\/twitter.com\/arap_ajans\">Twitter Hesab\u0131m\u0131z<\/a><\/p>\n<p style=\"text-align: justify;\">\n","protected":false},"excerpt":{"rendered":"<p>TRABLUS 12 EYL\u00dcL (SANA) \u2013 \u00a0Libya \u0130\u00e7i\u015fleri Bakanl\u0131\u011f\u0131, ge\u00e7ti\u011fimiz Pazar g\u00fcn\u00fc \u00fclkeyi vuran &#8220;Danyel&#8221; f\u0131rt\u0131nas\u0131 nedeniyle Libya&#8217;n\u0131n Derna kentinde ya\u015fanan sel ve su bask\u0131nlar\u0131ndan \u00f6lenlerin say\u0131s\u0131n\u0131n \u015fu ana kadar 5 bin 300&#8217;e y\u00fckseldi\u011fini ilan etti. Bakanl\u0131\u011f\u0131n medya yetkilisi Muhammad Abu Lamoucha, Libya Haber Ajans\u0131&#8217;na yapt\u0131\u011f\u0131 a\u00e7\u0131klamada, &#8220;Felaket sonucu binlerce ki\u015fi kay\u0131p&#8221; diyerek, Kay\u0131p ki\u015filer i\u00e7in &hellip;<\/p>\n","protected":false},"author":36,"featured_media":288007,"comment_status":"closed","ping_status":"closed","sticky":false,"template":"","format":"standard","meta":{"footnotes":""},"categories":[458,459,17988],"tags":[39730,39731],"class_list":["post-288005","post","type-post","status-publish","format-standard","has-post-thumbnail","","category-dunya1","category-haberler-arap-uluslararasi-politika","category-son-haberler","tag-libya-haber-ajansi","tag-libya-danyal-kasirgasinin-kurbanlarinin-sayisi-5-binin-uzerine-cikti"],"_links":{"self":[{"href":"https:\/\/archive.sana.sy\/tr\/index.php?rest_route=\/wp\/v2\/posts\/288005","targetHints":{"allow":["GET"]}}],"collection":[{"href":"https:\/\/archive.sana.sy\/tr\/index.php?rest_route=\/wp\/v2\/posts"}],"about":[{"href":"https:\/\/archive.sana.sy\/tr\/index.php?rest_route=\/wp\/v2\/types\/post"}],"author":[{"embeddable":true,"href":"https:\/\/archive.sana.sy\/tr\/index.php?rest_route=\/wp\/v2\/users\/36"}],"replies":[{"embeddable":true,"href":"https:\/\/archive.sana.sy\/tr\/index.php?rest_route=%2Fwp%2Fv2%2Fcomments&post=288005"}],"version-history":[{"count":2,"href":"https:\/\/archive.sana.sy\/tr\/index.php?rest_route=\/wp\/v2\/posts\/288005\/revisions"}],"predecessor-version":[{"id":288009,"href":"https:\/\/archive.sana.sy\/tr\/index.php?rest_route=\/wp\/v2\/posts\/288005\/revisions\/288009"}],"wp:featuredmedia":[{"embeddable":true,"href":"https:\/\/archive.sana.sy\/tr\/index.php?rest_route=\/wp\/v2\/media\/288007"}],"wp:attachment":[{"href":"https:\/\/archive.sana.sy\/tr\/index.php?rest_route=%2Fwp%2Fv2%2Fmedia&parent=288005"}],"wp:term":[{"taxonomy":"category","embeddable":true,"href":"https:\/\/archive.sana.sy\/tr\/index.php?rest_route=%2Fwp%2Fv2%2Fcategories&post=288005"},{"taxonomy":"post_tag","embeddable":true,"href":"https:\/\/archive.sana.sy\/tr\/index.php?rest_route=%2Fwp%2Fv2%2Ftags&post=288005"}],"curies":[{"name":"wp","href":"https:\/\/api.w.org\/{rel}","templated":true}]}}