{"id":288015,"date":"2023-09-13T14:25:03","date_gmt":"2023-09-13T11:25:03","guid":{"rendered":"https:\/\/sana.sy\/tr\/?p=288015"},"modified":"2023-09-15T08:52:38","modified_gmt":"2023-09-15T05:52:38","slug":"putin-ve-kim-rusya-ile-kuzey-kore-arasindaki-iliskilerin-guclendirilmesi-temel-bir-onceliktir","status":"publish","type":"post","link":"https:\/\/archive.sana.sy\/tr\/?p=288015","title":{"rendered":"Putin Ve Kim: Rusya \u0130le Kuzey Kore Aras\u0131ndaki \u0130li\u015fkilerin G\u00fc\u00e7lendirilmesi Temel Bir \u00d6nceliktir"},"content":{"rendered":"<p style=\"text-align: justify;\"><strong>MOSKOVA 13 EYL\u00dcL (SANA)<\/strong> &#8211; Rusya Devlet Ba\u015fkan\u0131 Vladimir Putin ve Koreli Demokrat mevkida\u015f\u0131 Kim Jong Un, iki \u00fclke aras\u0131ndaki ili\u015fkilerin g\u00fc\u00e7lendirilmesinin her iki taraf i\u00e7in de temel bir \u00f6ncelik oldu\u011funu vurgulad\u0131lar.<\/p>\n<p style=\"text-align: justify;\">Novosti haber ajans\u0131, Putin&#8217;in bug\u00fcn Rusya&#8217;n\u0131n Amur Eyaletindeki Vostochny uzay havaalan\u0131nda Kim ile yapt\u0131\u011f\u0131 g\u00f6r\u00fc\u015fmenin ba\u015f\u0131nda, \u201cBu toplant\u0131 \u00f6zel bir zamanda yap\u0131l\u0131yor ve Rusya ile Kore Demokratik Cumhuriyeti aras\u0131nda diplomatik ili\u015fkilerin kurulmas\u0131n\u0131n 75. y\u0131ld\u00f6n\u00fcm\u00fcne denk geliyor. Moskova bu cumhuriyeti resmi olarak tan\u0131yan ilk \u00fclkedir\u201d dedi\u011fini aktard\u0131.<\/p>\n<p style=\"text-align: justify;\">Putin, g\u00f6r\u00fc\u015fmede ekonomik i\u015fbirli\u011fi, insani konular ve b\u00f6lgedeki durumun ele al\u0131nd\u0131\u011f\u0131n\u0131 a\u00e7\u0131klarken, toplant\u0131n\u0131n yap\u0131ld\u0131\u011f\u0131 yerin Rusya&#8217;n\u0131n uzay sekt\u00f6r\u00fcndeki ba\u015far\u0131lar\u0131ndan gurur duydu\u011funu g\u00f6sterdi\u011fine dikkat \u00e7ekti.<\/p>\n<p style=\"text-align: justify;\">Kim ise Rusya ile ili\u015fkilerin \u00fclkesi i\u00e7in bir \u00f6ncelik oldu\u011funu vurgulayarak, s\u0131cak kar\u015f\u0131lama i\u00e7in Rus taraf\u0131na \u015f\u00fckranlar\u0131n\u0131 dile getirdi.<\/p>\n<p style=\"text-align: justify;\">Kim ayr\u0131ca, \u2018\u2019\u015eimdi Rusya Uzay Kuvvetleri&#8217;nin kalbinde \u00f6zel bir toplant\u0131 d\u00fczenliyoruz. Rus Uzay Kuvvetlerinin bug\u00fcn\u00fcn\u00fc ve gelece\u011fini kendi g\u00f6zlerimizle g\u00f6rebildik. Moskova ile ili\u015fkilerimizi geli\u015ftirmeye devam etmek istiyoruz ve her zaman Ba\u015fkan Putin&#8217;i ve Rus h\u00fck\u00fcmetini destekliyoruz\u2019\u2019 diyerek, &#8220;Emperyalizme kar\u015f\u0131 m\u00fccadelede ve egemen bir devletin in\u015fas\u0131nda her zaman birlikte olaca\u011f\u0131m\u0131z\u0131 umuyorum&#8221; \u00a0ifadelerini kulland\u0131.<\/p>\n<p style=\"text-align: justify;\">Kim Jong Un, Ba\u015fkan Putin ile g\u00f6r\u00fc\u015fmelerinin iki \u00fclke aras\u0131ndaki ili\u015fkilerin yeni bir seviyeye y\u00fckseltilmesine yard\u0131mc\u0131 olaca\u011f\u0131na olan g\u00fcvenini dile getirdi.<\/p>\n<p style=\"text-align: justify;\"><a href=\"https:\/\/t.me\/SuriyeArapHaberAjansI\">Telegram Kanal\u0131m\u0131z\u00a0<\/a><\/p>\n<p style=\"text-align: justify;\"><a href=\"https:\/\/www.facebook.com\/SANAHaberAjansi\/\">Facebook Sayfam\u0131z<\/a><\/p>\n<p style=\"text-align: justify;\"><a href=\"https:\/\/twitter.com\/arap_ajans\">Twitter Hesab\u0131m\u0131z<\/a><\/p>\n","protected":false},"excerpt":{"rendered":"<p>MOSKOVA 13 EYL\u00dcL (SANA) &#8211; Rusya Devlet Ba\u015fkan\u0131 Vladimir Putin ve Koreli Demokrat mevkida\u015f\u0131 Kim Jong Un, iki \u00fclke aras\u0131ndaki ili\u015fkilerin g\u00fc\u00e7lendirilmesinin her iki taraf i\u00e7in de temel bir \u00f6ncelik oldu\u011funu vurgulad\u0131lar. Novosti haber ajans\u0131, Putin&#8217;in bug\u00fcn Rusya&#8217;n\u0131n Amur Eyaletindeki Vostochny uzay havaalan\u0131nda Kim ile yapt\u0131\u011f\u0131 g\u00f6r\u00fc\u015fmenin ba\u015f\u0131nda, \u201cBu toplant\u0131 \u00f6zel bir zamanda yap\u0131l\u0131yor ve &hellip;<\/p>\n","protected":false},"author":41,"featured_media":288016,"comment_status":"closed","ping_status":"closed","sticky":false,"template":"","format":"standard","meta":{"footnotes":""},"categories":[458,459,17988],"tags":[36044,39723,39724,37503],"class_list":["post-288015","post","type-post","status-publish","format-standard","has-post-thumbnail","","category-dunya1","category-haberler-arap-uluslararasi-politika","category-son-haberler","tag-kim-jong-un","tag-putin-ve-kim-rusya-ile-kuzey-kore-arasindaki-iliskilerin-guclendirilmesi-temel-bir-onceliktir","tag-rusya-devlet-baskani-vladimir-putin-ve-koreli-demokrat-mevkidasi-kim-jong-un","tag-vladimi-putin"],"_links":{"self":[{"href":"https:\/\/archive.sana.sy\/tr\/index.php?rest_route=\/wp\/v2\/posts\/288015","targetHints":{"allow":["GET"]}}],"collection":[{"href":"https:\/\/archive.sana.sy\/tr\/index.php?rest_route=\/wp\/v2\/posts"}],"about":[{"href":"https:\/\/archive.sana.sy\/tr\/index.php?rest_route=\/wp\/v2\/types\/post"}],"author":[{"embeddable":true,"href":"https:\/\/archive.sana.sy\/tr\/index.php?rest_route=\/wp\/v2\/users\/41"}],"replies":[{"embeddable":true,"href":"https:\/\/archive.sana.sy\/tr\/index.php?rest_route=%2Fwp%2Fv2%2Fcomments&post=288015"}],"version-history":[{"count":1,"href":"https:\/\/archive.sana.sy\/tr\/index.php?rest_route=\/wp\/v2\/posts\/288015\/revisions"}],"predecessor-version":[{"id":288017,"href":"https:\/\/archive.sana.sy\/tr\/index.php?rest_route=\/wp\/v2\/posts\/288015\/revisions\/288017"}],"wp:featuredmedia":[{"embeddable":true,"href":"https:\/\/archive.sana.sy\/tr\/index.php?rest_route=\/wp\/v2\/media\/288016"}],"wp:attachment":[{"href":"https:\/\/archive.sana.sy\/tr\/index.php?rest_route=%2Fwp%2Fv2%2Fmedia&parent=288015"}],"wp:term":[{"taxonomy":"category","embeddable":true,"href":"https:\/\/archive.sana.sy\/tr\/index.php?rest_route=%2Fwp%2Fv2%2Fcategories&post=288015"},{"taxonomy":"post_tag","embeddable":true,"href":"https:\/\/archive.sana.sy\/tr\/index.php?rest_route=%2Fwp%2Fv2%2Ftags&post=288015"}],"curies":[{"name":"wp","href":"https:\/\/api.w.org\/{rel}","templated":true}]}}